{"id":40114,"date":"2020-04-07T14:31:29","date_gmt":"2020-04-07T17:31:29","guid":{"rendered":"https:\/\/www.anamt.org.br\/portal\/?p=40114"},"modified":"2020-04-07T14:43:54","modified_gmt":"2020-04-07T17:43:54","slug":"guia-pratico-anamt-sobre-covid-19-para-atuacao-dos-medicos-do-trabalho","status":"publish","type":"post","link":"https:\/\/www.anamt.org.br\/portal\/2020\/04\/07\/guia-pratico-anamt-sobre-covid-19-para-atuacao-dos-medicos-do-trabalho\/","title":{"rendered":"Guia pra\u0301tico ANAMT sobre COVID-19 para atua\u00e7\u00e3o dos m\u00e9dicos do trabalho"},"content":{"rendered":"<p><img decoding=\"async\" class=\"alignleft wp-image-40116 size-medium\" src=\"https:\/\/www.anamt.org.br\/portal\/wp-content\/uploads\/2020\/04\/guia_pratico_ANAMT_covid-19_400x560-213x300.jpg\" alt=\"\" width=\"213\" height=\"300\" srcset=\"https:\/\/www.anamt.org.br\/portal\/wp-content\/uploads\/2020\/04\/guia_pratico_ANAMT_covid-19_400x560-200x282.jpg 200w, https:\/\/www.anamt.org.br\/portal\/wp-content\/uploads\/2020\/04\/guia_pratico_ANAMT_covid-19_400x560-213x300.jpg 213w, https:\/\/www.anamt.org.br\/portal\/wp-content\/uploads\/2020\/04\/guia_pratico_ANAMT_covid-19_400x560.jpg 400w\" sizes=\"(max-width: 213px) 100vw, 213px\" \/>Diante da situa\u00e7\u00e3o sanit\u00e1ria atual, a Associa\u00e7\u00e3o Nacional de Medicina do Trabalho (ANAMT) idealizou o <a href=\"https:\/\/www.anamt.org.br\/portal\/wp-content\/uploads\/2020\/04\/GUIA_CORONA_VIRUS_2020_v4.pdf\" target=\"_blank\" rel=\"noopener\"><em>Guia pra\u0301tico ANAMT sobre COVID-19 para atua\u00e7\u00e3o dos m\u00e9dicos do trabalho<\/em><\/a>, um material cujo objetivo \u00e9 nortear os especialistas em sua pr\u00e1tica cl\u00ednica frente \u00e0 pandemia do covid-19.<\/p>\n<p>A metodologia utilizada para a elabora\u00e7\u00e3o deste material, foi atrav\u00e9s da compila\u00e7\u00e3o de Recomenda\u00e7\u00f5es da ANAMT e de normativas das autoridades sanit\u00e1rias e do Governo Federal. As medidas de prevenc\u0327a\u0303o e controle de infecc\u0327a\u0303o devem ser implementadas pelos profissionais que atuam nos servic\u0327os de sau\u0301de para evitar ou reduzir ao ma\u0301ximo a transmissa\u0303o de microrganismos durante qualquer assiste\u0302ncia a\u0300 sau\u0301de realizada.<\/p>\n<p>Trata-se de um trabalho que ser\u00e1 atualizado, sempre que se fizer necess\u00e1rio, de acordo com a evolu\u00e7\u00e3o da situa\u00e7\u00e3o da pandemia. Desde j\u00e1 os autores agradecem poss\u00edveis contribui\u00e7\u00f5es e desejam que o material seja \u00fatil a todos.<\/p>\n<p><a href=\"https:\/\/www.anamt.org.br\/portal\/wp-content\/uploads\/2020\/04\/GUIA_CORONA_VIRUS_2020_v4.pdf\" target=\"_blank\" rel=\"noopener\">Confira aqui o material na \u00edntegra.<\/a><\/p>\n","protected":false},"excerpt":{"rendered":"<p>Diante da situa\u00e7\u00e3o sanit\u00e1ria atual, a Associa\u00e7\u00e3o Nacional de Medicina do Trabalho (ANAMT) idealizou o Guia pra\u0301tico ANAMT sobre COVID-19 para atua\u00e7\u00e3o dos m\u00e9dicos do trabalho, um material cujo objetivo \u00e9 nortear os especialistas em sua pr\u00e1tica cl\u00ednica frente \u00e0 pandemia do covid-19. A metodologia utilizada para a elabora\u00e7\u00e3o deste material, foi atrav\u00e9s da compila\u00e7\u00e3o [&hellip;]<\/p>\n","protected":false},"author":1,"featured_media":40118,"comment_status":"closed","ping_status":"closed","sticky":false,"template":"","format":"standard","meta":{"footnotes":""},"categories":[229],"tags":[],"_links":{"self":[{"href":"https:\/\/www.anamt.org.br\/portal\/wp-json\/wp\/v2\/posts\/40114"}],"collection":[{"href":"https:\/\/www.anamt.org.br\/portal\/wp-json\/wp\/v2\/posts"}],"about":[{"href":"https:\/\/www.anamt.org.br\/portal\/wp-json\/wp\/v2\/types\/post"}],"author":[{"embeddable":true,"href":"https:\/\/www.anamt.org.br\/portal\/wp-json\/wp\/v2\/users\/1"}],"replies":[{"embeddable":true,"href":"https:\/\/www.anamt.org.br\/portal\/wp-json\/wp\/v2\/comments?post=40114"}],"version-history":[{"count":0,"href":"https:\/\/www.anamt.org.br\/portal\/wp-json\/wp\/v2\/posts\/40114\/revisions"}],"wp:featuredmedia":[{"embeddable":true,"href":"https:\/\/www.anamt.org.br\/portal\/wp-json\/wp\/v2\/media\/40118"}],"wp:attachment":[{"href":"https:\/\/www.anamt.org.br\/portal\/wp-json\/wp\/v2\/media?parent=40114"}],"wp:term":[{"taxonomy":"category","embeddable":true,"href":"https:\/\/www.anamt.org.br\/portal\/wp-json\/wp\/v2\/categories?post=40114"},{"taxonomy":"post_tag","embeddable":true,"href":"https:\/\/www.anamt.org.br\/portal\/wp-json\/wp\/v2\/tags?post=40114"}],"curies":[{"name":"wp","href":"https:\/\/api.w.org\/{rel}","templated":true}]}}