{"id":39936,"date":"2020-03-19T19:56:31","date_gmt":"2020-03-19T22:56:31","guid":{"rendered":"https:\/\/www.anamt.org.br\/portal\/?p=39936"},"modified":"2020-03-20T15:45:39","modified_gmt":"2020-03-20T18:45:39","slug":"covid19-anamt-divulga-recomendacao-para-conduta-emergencial-durante-a-epidemia","status":"publish","type":"post","link":"https:\/\/www.anamt.org.br\/portal\/2020\/03\/19\/covid19-anamt-divulga-recomendacao-para-conduta-emergencial-durante-a-epidemia\/","title":{"rendered":"Covid-19: ANAMT divulga recomenda\u00e7\u00e3o para conduta durante epidemia"},"content":{"rendered":"<p>A pandemia de coronav\u00edrus que atingiu o Brasil tem levado o governo e as autoridades de sa\u00fade a criar normas e orienta\u00e7\u00f5es para deter a propaga\u00e7\u00e3o v\u00edrus.\u00a0 Por conta do avan\u00e7o da contamina\u00e7\u00e3o no pa\u00eds, a Associa\u00e7\u00e3o Nacional de Medicina do Trabalho (ANAMT) divulga, nesta quinta-feira (19), uma nova Recomenda\u00e7\u00e3o, com o tema: C<span id=\":kb.co\" class=\"tL8wMe EMoHub\" dir=\"ltr\">onduta Emergencial de Exce\u00e7\u00e3o Enquanto Durar a Epidemia do COVID-19.<\/span><\/p>\n<p>O documento aborda t\u00f3picos importantes para os m\u00e9dicos do trabalho, como campanha educativa e de sensibiliza\u00e7\u00e3o; exames ocupacionais e determina\u00e7\u00e3o de restri\u00e7\u00f5es.\u00a0<span id=\":kb.co\" class=\"tL8wMe EMoHub\" dir=\"ltr\"><a href=\"https:\/\/www.anamt.org.br\/portal\/wp-content\/uploads\/2020\/03\/RECOMENDACAO_2_ANAMT_2020_v1.pdf\">Clique aqui<\/a> para conferir a Recomenda\u00e7\u00e3o ANAMT N\u00ba 002\/2020 na \u00edntegra.<\/span><\/p>\n<h3>Leia mais<\/h3>\n<ul>\n<li><a href=\"https:\/\/www.anamt.org.br\/portal\/2020\/03\/16\/anamt-divulga-recomendacao-sobre-covid-19\/\">ANAMT divulga Recomenda\u00e7\u00e3o sobre Covid-19<\/a><\/li>\n<li><a href=\"https:\/\/www.anamt.org.br\/portal\/recomendacoes\/recomendacoes-da-anamt\/\">Recomenda\u00e7\u00f5es da ANAMT<\/a><\/li>\n<\/ul>\n","protected":false},"excerpt":{"rendered":"<p>A pandemia de coronav\u00edrus que atingiu o Brasil tem levado o governo e as autoridades de sa\u00fade a criar normas e orienta\u00e7\u00f5es para deter a propaga\u00e7\u00e3o v\u00edrus.\u00a0 Por conta do avan\u00e7o da contamina\u00e7\u00e3o no pa\u00eds, a Associa\u00e7\u00e3o Nacional de Medicina do Trabalho (ANAMT) divulga, nesta quinta-feira (19), uma nova Recomenda\u00e7\u00e3o, com o tema: Conduta Emergencial [&hellip;]<\/p>\n","protected":false},"author":1,"featured_media":39913,"comment_status":"closed","ping_status":"closed","sticky":false,"template":"","format":"standard","meta":{"footnotes":""},"categories":[229],"tags":[],"_links":{"self":[{"href":"https:\/\/www.anamt.org.br\/portal\/wp-json\/wp\/v2\/posts\/39936"}],"collection":[{"href":"https:\/\/www.anamt.org.br\/portal\/wp-json\/wp\/v2\/posts"}],"about":[{"href":"https:\/\/www.anamt.org.br\/portal\/wp-json\/wp\/v2\/types\/post"}],"author":[{"embeddable":true,"href":"https:\/\/www.anamt.org.br\/portal\/wp-json\/wp\/v2\/users\/1"}],"replies":[{"embeddable":true,"href":"https:\/\/www.anamt.org.br\/portal\/wp-json\/wp\/v2\/comments?post=39936"}],"version-history":[{"count":0,"href":"https:\/\/www.anamt.org.br\/portal\/wp-json\/wp\/v2\/posts\/39936\/revisions"}],"wp:featuredmedia":[{"embeddable":true,"href":"https:\/\/www.anamt.org.br\/portal\/wp-json\/wp\/v2\/media\/39913"}],"wp:attachment":[{"href":"https:\/\/www.anamt.org.br\/portal\/wp-json\/wp\/v2\/media?parent=39936"}],"wp:term":[{"taxonomy":"category","embeddable":true,"href":"https:\/\/www.anamt.org.br\/portal\/wp-json\/wp\/v2\/categories?post=39936"},{"taxonomy":"post_tag","embeddable":true,"href":"https:\/\/www.anamt.org.br\/portal\/wp-json\/wp\/v2\/tags?post=39936"}],"curies":[{"name":"wp","href":"https:\/\/api.w.org\/{rel}","templated":true}]}}