{"id":39869,"date":"2020-03-16T12:28:56","date_gmt":"2020-03-16T15:28:56","guid":{"rendered":"https:\/\/www.anamt.org.br\/portal\/?p=39869"},"modified":"2020-03-16T13:27:18","modified_gmt":"2020-03-16T16:27:18","slug":"informativo-sobre-a-prova-de-titulo-e-o-18o-congresso-nacional-anamt-2","status":"publish","type":"post","link":"https:\/\/www.anamt.org.br\/portal\/2020\/03\/16\/informativo-sobre-a-prova-de-titulo-e-o-18o-congresso-nacional-anamt-2\/","title":{"rendered":"Informativo sobre a Prova de T\u00edtulo e o 18\u00ba Congresso Nacional ANAMT"},"content":{"rendered":"<p>Em face da declara\u00e7\u00e3o de pandemia da doen\u00e7a infecciosa (covid-19) do novo coronav\u00edrus, <a href=\"https:\/\/www.anamt.org.br\/portal\/2020\/03\/11\/coronavirus-organizacao-mundial-da-saude-declara-pandemia\/\">declarada pela Organiza\u00e7\u00e3o Mundial de Sa\u00fade (OMS)<\/a> no \u00faltimo dia 11 de mar\u00e7o, em obedi\u00eancia \u00e0 recomenda\u00e7\u00e3o do Ministro da Sa\u00fade e do Prefeito de Bel\u00e9m para cancelar grandes eventos e, como medida protetiva \u00e0 sa\u00fade dos candidatos, dos Congressistas, dos trabalhadores envolvidos com a organiza\u00e7\u00e3o dos eventos e da popula\u00e7\u00e3o de Bel\u00e9m, a Diretoria da ANAMT vem \u00e0 p\u00fablico informar que est\u00e3o suspensos a prova de T\u00edtulo de Especialista e o 18\u00ba Congresso Nacional de Medicina do Trabalho marcados para o per\u00edodo de 29 de abril a 02 de maio de 2020.\u00a0Nova data ser\u00e1 comunicada, em momento oportuno, para realiza\u00e7\u00e3o dos eventos na Cidade de Bel\u00e9m do Par\u00e1.<\/p>\n<p>Por ora, n\u00e3o \u00e9 poss\u00edvel estabelecer as novas datas do evento tendo em vista a necessidade de aguardar a evolu\u00e7\u00e3o da covid-19 no Brasil e as orienta\u00e7\u00f5es das autoridades sanit\u00e1rias. Nesse sentido, a Diretoria da ANAMT solicita que os interessados n\u00e3o insistam para que novas datas sejam definidas pois devemos aguardar pacientemente novos informes.<\/p>\n<p>Para aqueles que adquiriram passagens em ag\u00eancias de turismo e companhias a\u00e9reas que fazem neg\u00f3cios no Brasil, as mesmas poder\u00e3o reagendar as passagens sem custo adicional. Al\u00e9m disso, o Minist\u00e9rio da Justi\u00e7a e Seguran\u00e7a P\u00fablica, por meio da Secretaria Nacional do Consumidor (Senacon) recomenda <a href=\"https:\/\/www.novo.justica.gov.br\/news\/recomendacoes-da-senacom-para-remarcacao-de-viagens\" target=\"_blank\" rel=\"noopener\">remarca\u00e7\u00e3o, sem custos adicionais, das viagens tur\u00edsticas previstas para os pr\u00f3ximos 30 dias<\/a>.<\/p>\n","protected":false},"excerpt":{"rendered":"<p>Em face da declara\u00e7\u00e3o de pandemia da doen\u00e7a infecciosa (covid-19) do novo coronav\u00edrus, declarada pela Organiza\u00e7\u00e3o Mundial de Sa\u00fade (OMS) no \u00faltimo dia 11 de mar\u00e7o, em obedi\u00eancia \u00e0 recomenda\u00e7\u00e3o do Ministro da Sa\u00fade e do Prefeito de Bel\u00e9m para cancelar grandes eventos e, como medida protetiva \u00e0 sa\u00fade dos candidatos, dos Congressistas, dos trabalhadores [&hellip;]<\/p>\n","protected":false},"author":1,"featured_media":39531,"comment_status":"closed","ping_status":"closed","sticky":false,"template":"","format":"standard","meta":{"footnotes":""},"categories":[77],"tags":[],"_links":{"self":[{"href":"https:\/\/www.anamt.org.br\/portal\/wp-json\/wp\/v2\/posts\/39869"}],"collection":[{"href":"https:\/\/www.anamt.org.br\/portal\/wp-json\/wp\/v2\/posts"}],"about":[{"href":"https:\/\/www.anamt.org.br\/portal\/wp-json\/wp\/v2\/types\/post"}],"author":[{"embeddable":true,"href":"https:\/\/www.anamt.org.br\/portal\/wp-json\/wp\/v2\/users\/1"}],"replies":[{"embeddable":true,"href":"https:\/\/www.anamt.org.br\/portal\/wp-json\/wp\/v2\/comments?post=39869"}],"version-history":[{"count":0,"href":"https:\/\/www.anamt.org.br\/portal\/wp-json\/wp\/v2\/posts\/39869\/revisions"}],"wp:featuredmedia":[{"embeddable":true,"href":"https:\/\/www.anamt.org.br\/portal\/wp-json\/wp\/v2\/media\/39531"}],"wp:attachment":[{"href":"https:\/\/www.anamt.org.br\/portal\/wp-json\/wp\/v2\/media?parent=39869"}],"wp:term":[{"taxonomy":"category","embeddable":true,"href":"https:\/\/www.anamt.org.br\/portal\/wp-json\/wp\/v2\/categories?post=39869"},{"taxonomy":"post_tag","embeddable":true,"href":"https:\/\/www.anamt.org.br\/portal\/wp-json\/wp\/v2\/tags?post=39869"}],"curies":[{"name":"wp","href":"https:\/\/api.w.org\/{rel}","templated":true}]}}