{"id":39728,"date":"2020-02-14T11:12:41","date_gmt":"2020-02-14T14:12:41","guid":{"rendered":"https:\/\/www.anamt.org.br\/portal\/?p=39728"},"modified":"2020-02-14T14:47:58","modified_gmt":"2020-02-14T17:47:58","slug":"cfm-cria-plataforma-para-sensibilizacao-de-parlamentares-sobre-temas-da-medicina","status":"publish","type":"post","link":"https:\/\/www.anamt.org.br\/portal\/2020\/02\/14\/cfm-cria-plataforma-para-sensibilizacao-de-parlamentares-sobre-temas-da-medicina\/","title":{"rendered":"CFM cria portal para sensibiliza\u00e7\u00e3o de parlamentares sobre Medicina"},"content":{"rendered":"<p>O Conselho Federal de Medicina (CFM) criou uma plataforma para o envio de mensagens aos parlamentares, para conscientiz\u00e1-los sobre os vetos da Presid\u00eancia da Rep\u00fablica \u00e0s Leis n\u00ba 13.958 e n\u00ba 13.959. As mat\u00e9rias devem entrar em vota\u00e7\u00e3o, em sess\u00e3o conjunta do Congresso Nacional, at\u00e9 o fim de fevereiro.<\/p>\n<p>Ao acessar o link e preencher os dados, os m\u00e9dicos podem automaticamente enviar e-mails contendo uma manifesta\u00e7\u00e3o a favor do veto que impede a realiza\u00e7\u00e3o do Revalida em escolas privadas, mantendo esse processo sob responsabilidade do Estado, e contra o veto \u00e0 equipara\u00e7\u00e3o da gratifica\u00e7\u00e3o dos m\u00e9dicos federais.<\/p>\n<p>A ANAMT refor\u00e7a que a participa\u00e7\u00e3o de todos os m\u00e9dicos \u00e9 essencial para que haja uma sensibiliza\u00e7\u00e3o em massa sobre temas de grande interesse para a sa\u00fade da popula\u00e7\u00e3o e o exerc\u00edcio da Medicina no pa\u00eds.<\/p>\n<p>Para acessar a plataforma, <a href=\"https:\/\/sistemas.cfm.org.br\/emailparlamentares\/contato\" target=\"_blank\" rel=\"noopener\">acesse o site aqui.<\/a><\/p>\n","protected":false},"excerpt":{"rendered":"<p>O Conselho Federal de Medicina (CFM) criou uma plataforma para o envio de mensagens aos parlamentares, para conscientiz\u00e1-los sobre os vetos da Presid\u00eancia da Rep\u00fablica \u00e0s Leis n\u00ba 13.958 e n\u00ba 13.959. As mat\u00e9rias devem entrar em vota\u00e7\u00e3o, em sess\u00e3o conjunta do Congresso Nacional, at\u00e9 o fim de fevereiro. Ao acessar o link e preencher [&hellip;]<\/p>\n","protected":false},"author":1,"featured_media":33189,"comment_status":"closed","ping_status":"closed","sticky":false,"template":"","format":"standard","meta":{"footnotes":""},"categories":[79],"tags":[],"_links":{"self":[{"href":"https:\/\/www.anamt.org.br\/portal\/wp-json\/wp\/v2\/posts\/39728"}],"collection":[{"href":"https:\/\/www.anamt.org.br\/portal\/wp-json\/wp\/v2\/posts"}],"about":[{"href":"https:\/\/www.anamt.org.br\/portal\/wp-json\/wp\/v2\/types\/post"}],"author":[{"embeddable":true,"href":"https:\/\/www.anamt.org.br\/portal\/wp-json\/wp\/v2\/users\/1"}],"replies":[{"embeddable":true,"href":"https:\/\/www.anamt.org.br\/portal\/wp-json\/wp\/v2\/comments?post=39728"}],"version-history":[{"count":0,"href":"https:\/\/www.anamt.org.br\/portal\/wp-json\/wp\/v2\/posts\/39728\/revisions"}],"wp:featuredmedia":[{"embeddable":true,"href":"https:\/\/www.anamt.org.br\/portal\/wp-json\/wp\/v2\/media\/33189"}],"wp:attachment":[{"href":"https:\/\/www.anamt.org.br\/portal\/wp-json\/wp\/v2\/media?parent=39728"}],"wp:term":[{"taxonomy":"category","embeddable":true,"href":"https:\/\/www.anamt.org.br\/portal\/wp-json\/wp\/v2\/categories?post=39728"},{"taxonomy":"post_tag","embeddable":true,"href":"https:\/\/www.anamt.org.br\/portal\/wp-json\/wp\/v2\/tags?post=39728"}],"curies":[{"name":"wp","href":"https:\/\/api.w.org\/{rel}","templated":true}]}}