{"id":39714,"date":"2020-03-02T13:00:15","date_gmt":"2020-03-02T16:00:15","guid":{"rendered":"https:\/\/www.anamt.org.br\/portal\/?p=39714"},"modified":"2020-03-02T14:25:33","modified_gmt":"2020-03-02T17:25:33","slug":"anamt-realiza-assembleia-geral-extraordinaria","status":"publish","type":"post","link":"https:\/\/www.anamt.org.br\/portal\/2020\/03\/02\/anamt-realiza-assembleia-geral-extraordinaria\/","title":{"rendered":"ANAMT realiza Assembleia Geral Extraordin\u00e1ria em S\u00e3o Paulo"},"content":{"rendered":"<p>A ANAMT convida seus Associados Titulares e Jubilados para a Assembleia Geral Extraordin\u00e1ria, que ser\u00e1 realizada no dia 14 de mar\u00e7o de 2020, no Novotel S\u00e3o Paulo Jaragu\u00e1 Conventions. A primeira chamada ocorrer\u00e1 \u00e0s 10h e, n\u00e3o havendo qu\u00f3rum para a primeira chamada, a instala\u00e7\u00e3o se dar\u00e1 em segunda chamada as 10h30, conforme disposi\u00e7\u00e3o Estatut\u00e1ria. O edital de convoca\u00e7\u00e3o est\u00e1 dispon\u00edvel <a href=\"https:\/\/www.anamt.org.br\/portal\/wp-content\/uploads\/2020\/02\/Edital-AGE-14.03.2020.pdf\" target=\"_blank\" rel=\"noopener\">aqui<\/a>.<\/p>\n<p>Na ocasi\u00e3o, ser\u00e1 abordada a ratifica\u00e7\u00e3o de atas de Assembleias Gerais, atas de reuni\u00f5es, termos de posse e demais documentos institucionais da ANAMT, entre outros assuntos. Na ocasi\u00e3o, ser\u00e3o sorteados um iPhone 8 Space Gray 64GB, 10 inscri\u00e7\u00f5es para o 18\u00ba Congresso Nacional da ANAMT e 10 inscri\u00e7\u00f5es para os cursos pr\u00e9-congresso do evento. Para participar, o associado poder\u00e1 fazer uma pr\u00e9-inscri\u00e7\u00e3o gratuita\u00a0<a href=\"http:\/\/sistemasanamt.org.br\/anamt\/inscricoeseventos\/inscricoes\/cad_inscricao.aspx?proid=54\" target=\"_blank\" rel=\"noopener\">neste link<\/a>.<\/p>\n<p>A Associa\u00e7\u00e3o divulgou tamb\u00e9m um informe aos associados sobre a import\u00e2ncia da regulariza\u00e7\u00e3o de seus atos administrativos. <a href=\"https:\/\/www.anamt.org.br\/portal\/wp-content\/uploads\/2020\/02\/Informe_Associados_022020.pdf\" target=\"_blank\" rel=\"noopener\">Confira aqui a publica\u00e7\u00e3o.<\/a><\/p>\n<p>Veja abaixo mais detalhes:<\/p>\n<p><strong>Assembleia Geral Extraordin\u00e1ria<\/strong><br \/>\nData: 14 de mar\u00e7o de 2020<br \/>\nPrimeira Chamada \u00e0s 10h e segunda chamada \u00e0s 10h30<br \/>\nLocal: Novotel S\u00e3o Paulo Jaragu\u00e1 Conventions (Rua Martins Fontes, 71 &#8211; Centro Hist\u00f3rico de S\u00e3o Paulo)<br \/>\nCategoria de participantes: S\u00f3cios Titulares e Jubilados (S\u00f3cios Titulares precisam ser s\u00f3cios h\u00e1 m\u00ednimo 01 ano e estarem com a anuidade de 2020 paga at\u00e9 a data de publica\u00e7\u00e3o do edital).<\/p>\n","protected":false},"excerpt":{"rendered":"<p>A ANAMT convida seus Associados Titulares e Jubilados para a Assembleia Geral Extraordin\u00e1ria, que ser\u00e1 realizada no dia 14 de mar\u00e7o de 2020, no Novotel S\u00e3o Paulo Jaragu\u00e1 Conventions. A primeira chamada ocorrer\u00e1 \u00e0s 10h e, n\u00e3o havendo qu\u00f3rum para a primeira chamada, a instala\u00e7\u00e3o se dar\u00e1 em segunda chamada as 10h30, conforme disposi\u00e7\u00e3o Estatut\u00e1ria. [&hellip;]<\/p>\n","protected":false},"author":1,"featured_media":36997,"comment_status":"closed","ping_status":"closed","sticky":false,"template":"","format":"standard","meta":{"footnotes":""},"categories":[77],"tags":[],"_links":{"self":[{"href":"https:\/\/www.anamt.org.br\/portal\/wp-json\/wp\/v2\/posts\/39714"}],"collection":[{"href":"https:\/\/www.anamt.org.br\/portal\/wp-json\/wp\/v2\/posts"}],"about":[{"href":"https:\/\/www.anamt.org.br\/portal\/wp-json\/wp\/v2\/types\/post"}],"author":[{"embeddable":true,"href":"https:\/\/www.anamt.org.br\/portal\/wp-json\/wp\/v2\/users\/1"}],"replies":[{"embeddable":true,"href":"https:\/\/www.anamt.org.br\/portal\/wp-json\/wp\/v2\/comments?post=39714"}],"version-history":[{"count":0,"href":"https:\/\/www.anamt.org.br\/portal\/wp-json\/wp\/v2\/posts\/39714\/revisions"}],"wp:featuredmedia":[{"embeddable":true,"href":"https:\/\/www.anamt.org.br\/portal\/wp-json\/wp\/v2\/media\/36997"}],"wp:attachment":[{"href":"https:\/\/www.anamt.org.br\/portal\/wp-json\/wp\/v2\/media?parent=39714"}],"wp:term":[{"taxonomy":"category","embeddable":true,"href":"https:\/\/www.anamt.org.br\/portal\/wp-json\/wp\/v2\/categories?post=39714"},{"taxonomy":"post_tag","embeddable":true,"href":"https:\/\/www.anamt.org.br\/portal\/wp-json\/wp\/v2\/tags?post=39714"}],"curies":[{"name":"wp","href":"https:\/\/api.w.org\/{rel}","templated":true}]}}