{"id":39551,"date":"2020-01-20T15:34:29","date_gmt":"2020-01-20T18:34:29","guid":{"rendered":"https:\/\/www.anamt.org.br\/portal\/?p=39551"},"modified":"2022-09-04T17:29:25","modified_gmt":"2022-09-04T20:29:25","slug":"podcast-anamt-esclarece-duvidas-sobre-a-prova-de-titulo-de-especialista-2","status":"publish","type":"post","link":"https:\/\/www.anamt.org.br\/portal\/2020\/01\/20\/podcast-anamt-esclarece-duvidas-sobre-a-prova-de-titulo-de-especialista-2\/","title":{"rendered":"Volume II do Podcast ANAMT esclarece novas d\u00favidas sobre a Prova de T\u00edtulo"},"content":{"rendered":"<p>Nesta segunda-feira, a ANAMT publica o Volume II do Podcast ANAMT sobre a <a href=\"https:\/\/www.anamt.org.br\/portal\/2019\/12\/19\/prova-de-titulo-de-especialista-inscricoes-comecam-nesta-sexta\/\" target=\"_blank\" rel=\"noopener\">XLVII Prova de T\u00edtulo de Especialista em Medicina do Trabalho<\/a>, que ocorrer\u00e1 nos dias 29 e 30 de abril, em Bel\u00e9m (PA). <a href=\"https:\/\/www.anamt.org.br\/portal\/painel-do-associado\/podcast-anamt\/\">Ou\u00e7a o programa na \u00e1rea de acesso restrito para associados.<\/a><\/p>\n<p>As inscri\u00e7\u00f5es para a XLVII Prova de T\u00edtulo de Especialista se encerram nesta segunda-feira (20). <a href=\"https:\/\/www.anamt.org.br\/portal\/2020\/01\/10\/podcast-anamt-esclarece-duvidas-sobre-a-prova-de-titulo-de-especialista\/\">Confira aqui<\/a> o Volume I do Podcast ANAMT sobre o tema.\u00a0<a href=\"https:\/\/www.anamt.org.br\/portal\/wp-content\/uploads\/2020\/01\/Nota-de-Esclarecimento-aos-Candidatos-a%CC%80-PTE_ass.pdf\">Neste link<\/a> a Associa\u00e7\u00e3o tamb\u00e9m disponibiliza uma nota com o esclarecimento das principais d\u00favidas recebidas acerca da prova.<\/p>\n<p>&nbsp;<\/p>\n","protected":false},"excerpt":{"rendered":"<p>Nesta segunda-feira, a ANAMT publica o Volume II do Podcast ANAMT sobre a XLVII Prova de T\u00edtulo de Especialista em Medicina do Trabalho, que ocorrer\u00e1 nos dias 29 e 30 de abril, em Bel\u00e9m (PA). Ou\u00e7a o programa na \u00e1rea de acesso restrito para associados. As inscri\u00e7\u00f5es para a XLVII Prova de T\u00edtulo de Especialista [&hellip;]<\/p>\n","protected":false},"author":1,"featured_media":39501,"comment_status":"closed","ping_status":"closed","sticky":false,"template":"","format":"standard","meta":{"footnotes":""},"categories":[77,242],"tags":[],"_links":{"self":[{"href":"https:\/\/www.anamt.org.br\/portal\/wp-json\/wp\/v2\/posts\/39551"}],"collection":[{"href":"https:\/\/www.anamt.org.br\/portal\/wp-json\/wp\/v2\/posts"}],"about":[{"href":"https:\/\/www.anamt.org.br\/portal\/wp-json\/wp\/v2\/types\/post"}],"author":[{"embeddable":true,"href":"https:\/\/www.anamt.org.br\/portal\/wp-json\/wp\/v2\/users\/1"}],"replies":[{"embeddable":true,"href":"https:\/\/www.anamt.org.br\/portal\/wp-json\/wp\/v2\/comments?post=39551"}],"version-history":[{"count":1,"href":"https:\/\/www.anamt.org.br\/portal\/wp-json\/wp\/v2\/posts\/39551\/revisions"}],"predecessor-version":[{"id":45563,"href":"https:\/\/www.anamt.org.br\/portal\/wp-json\/wp\/v2\/posts\/39551\/revisions\/45563"}],"wp:featuredmedia":[{"embeddable":true,"href":"https:\/\/www.anamt.org.br\/portal\/wp-json\/wp\/v2\/media\/39501"}],"wp:attachment":[{"href":"https:\/\/www.anamt.org.br\/portal\/wp-json\/wp\/v2\/media?parent=39551"}],"wp:term":[{"taxonomy":"category","embeddable":true,"href":"https:\/\/www.anamt.org.br\/portal\/wp-json\/wp\/v2\/categories?post=39551"},{"taxonomy":"post_tag","embeddable":true,"href":"https:\/\/www.anamt.org.br\/portal\/wp-json\/wp\/v2\/tags?post=39551"}],"curies":[{"name":"wp","href":"https:\/\/api.w.org\/{rel}","templated":true}]}}