{"id":39496,"date":"2020-01-08T11:10:44","date_gmt":"2020-01-08T14:10:44","guid":{"rendered":"https:\/\/www.anamt.org.br\/portal\/?p=39496"},"modified":"2020-01-08T11:10:44","modified_gmt":"2020-01-08T14:10:44","slug":"a-importancia-de-vacinar-contra-o-sarampo","status":"publish","type":"post","link":"https:\/\/www.anamt.org.br\/portal\/2020\/01\/08\/a-importancia-de-vacinar-contra-o-sarampo\/","title":{"rendered":"A import\u00e2ncia de vacinar contra o sarampo"},"content":{"rendered":"<p>Nos \u00faltimos anos, houve queda importante nas taxas de vacina\u00e7\u00e3o no Brasil e isso resultou no preocupante cen\u00e1rio de 2017, quando praticamente todas as vacinas indicadas para os dois primeiros anos de idade das crian\u00e7as n\u00e3o atingiram a meta estabelecida pelo Minist\u00e9rio da Sa\u00fade. \u00c9 o caso da vacina tr\u00edplice viral, que protege contra o sarampo, caxumba e rub\u00e9ola, a cobertura ficou em 86% para esse p\u00fablico no per\u00edodo, quando o ideal era atingir 95%.<\/p>\n<p>Devido a essa baixa cobertura vacinal, o Brasil ficou vulner\u00e1vel e algumas doen\u00e7as que j\u00e1 estavam eliminadas, como o sarampo, reapareceram. Isso fez com que o pa\u00eds perdesse o certificado de elimina\u00e7\u00e3o da doen\u00e7a, concedido em 2016 pela Organiza\u00e7\u00e3o Pan-Americana da Sa\u00fade (OPAS). Entre setembro e novembro, 5.660 casos de sarampo foram confirmados e 19 estados ainda est\u00e3o em transmiss\u00e3o ativa do v\u00edrus. A maioria dos casos (90,5%) est\u00e3o concentrados em 176 munic\u00edpios (27%) do estado de S\u00e3o Paulo, principalmente na regi\u00e3o metropolitana.<\/p>\n<p>Para reverter essa situa\u00e7\u00e3o, o Minist\u00e9rio da Sa\u00fade criou o Movimento Vacina Brasil, que foca em a\u00e7\u00f5es para conscientizar a popula\u00e7\u00e3o sobre a import\u00e2ncia de vacinar durante todo o ano e n\u00e3o apenas em per\u00edodos de campanha. O Brasil tamb\u00e9m possui o maior programa p\u00fablico de imuniza\u00e7\u00e3o do mundo e a vacina \u00e9 o m\u00e9todo mais eficaz para prevenir doen\u00e7as. Para manter esse patrim\u00f4nio do pa\u00eds ser\u00e1 preciso o envolvimento de toda a sociedade, o que envolve os profissionais de sa\u00fade, os gestores e a popula\u00e7\u00e3o.<\/p>\n<p>Com o foco de conter os surtos ativos, lan\u00e7amos duas etapas para a Campanha Nacional de Vacina\u00e7\u00e3o contra o sarampo, dentro do Movimento Vacina Brasil. A 1\u00aa focou<br \/>\nnas crian\u00e7as de 6 meses a 5 anos, p\u00fablico que mais sofre complica\u00e7\u00f5es da doen\u00e7a. Agora o esfor\u00e7o \u00e9 voltado para adultos com idades entre 20 e 29 anos, faixa et\u00e1ria que<br \/>\nacumula maior n\u00famero de casos confirmados, cerca de 9 milh\u00f5es de pessoas. Aqui, vale lembrar que para garantir a imunidade \u00e9 preciso ter duas doses da vacina, respeitando intervalo m\u00ednimo de 30 dias entre elas.<\/p>\n<p>Para atender essa demanda, o Minist\u00e9rio da Sa\u00fade est\u00e1 realizando a maior distribui\u00e7\u00e3o de vacinas contra sarampo em uma d\u00e9cada. N\u00f3s tamb\u00e9m j\u00e1 disponibilizamos R$ 103 milh\u00f5es (metade do b\u00f4nus de R$ 206 milh\u00f5es) criado para incentivar os munic\u00edpios brasileiros a vacinar em massa crian\u00e7as entre seis meses e cinco anos de idade. Por conta disso e da primeira etapa da campanha, o Brasil atingiu a meta de vacina\u00e7\u00e3o de sarampo de 2019 com 97% de cobertura vacinal em crian\u00e7as de at\u00e9 1 ano, melhor cobertura vacinal dos \u00faltimos cinco anos.<\/p>\n<p>Mudar a realidade da baixa cobertura vacinal \u00e9 um compromisso do Governo do Brasil, mas \u00e9 preciso compromisso dos agentes p\u00fablicos para que munic\u00edpios de todos os<br \/>\ncantos do pa\u00eds saiam da zona de baixos \u00edndices de vacina\u00e7\u00e3o. \u00c9 preciso ir al\u00e9m de tudo que j\u00e1 foi feito, precisamos provocar o envolvimento da sociedade. \u00c9 necess\u00e1rio que todos se conscientizem da import\u00e2ncia da vacina\u00e7\u00e3o.<\/p>\n<p>&#8211;<\/p>\n<p>Dr. Luiz Henrique Mandetta<br \/>\nMinistro da Sa\u00fade<br \/>\nPossui gradua\u00e7\u00e3o em Medicina pela Universidade de Gama Filho e p\u00f3s-gradua\u00e7\u00e3o em ortopedia pela Universidade Federal de Mato Grosso do Sul. Obteve a especialidade<br \/>\nde ortopedia pedi\u00e1trica pelo Scottish Rite Hospital for Children em Atlanta e \u00e9 especialista em gest\u00e3o de servi\u00e7os e sistema de sa\u00fade pela Funda\u00e7\u00e3o Get\u00falio Vargas.<\/p>\n","protected":false},"excerpt":{"rendered":"<p>Nos \u00faltimos anos, houve queda importante nas taxas de vacina\u00e7\u00e3o no Brasil e isso resultou no preocupante cen\u00e1rio de 2017, quando praticamente todas as vacinas indicadas para os dois primeiros anos de idade das crian\u00e7as n\u00e3o atingiram a meta estabelecida pelo Minist\u00e9rio da Sa\u00fade. \u00c9 o caso da vacina tr\u00edplice viral, que protege contra o [&hellip;]<\/p>\n","protected":false},"author":1,"featured_media":0,"comment_status":"closed","ping_status":"closed","sticky":false,"template":"","format":"standard","meta":{"footnotes":""},"categories":[89],"tags":[],"_links":{"self":[{"href":"https:\/\/www.anamt.org.br\/portal\/wp-json\/wp\/v2\/posts\/39496"}],"collection":[{"href":"https:\/\/www.anamt.org.br\/portal\/wp-json\/wp\/v2\/posts"}],"about":[{"href":"https:\/\/www.anamt.org.br\/portal\/wp-json\/wp\/v2\/types\/post"}],"author":[{"embeddable":true,"href":"https:\/\/www.anamt.org.br\/portal\/wp-json\/wp\/v2\/users\/1"}],"replies":[{"embeddable":true,"href":"https:\/\/www.anamt.org.br\/portal\/wp-json\/wp\/v2\/comments?post=39496"}],"version-history":[{"count":0,"href":"https:\/\/www.anamt.org.br\/portal\/wp-json\/wp\/v2\/posts\/39496\/revisions"}],"wp:attachment":[{"href":"https:\/\/www.anamt.org.br\/portal\/wp-json\/wp\/v2\/media?parent=39496"}],"wp:term":[{"taxonomy":"category","embeddable":true,"href":"https:\/\/www.anamt.org.br\/portal\/wp-json\/wp\/v2\/categories?post=39496"},{"taxonomy":"post_tag","embeddable":true,"href":"https:\/\/www.anamt.org.br\/portal\/wp-json\/wp\/v2\/tags?post=39496"}],"curies":[{"name":"wp","href":"https:\/\/api.w.org\/{rel}","templated":true}]}}