{"id":39477,"date":"2020-01-02T09:26:13","date_gmt":"2020-01-02T12:26:13","guid":{"rendered":"https:\/\/www.anamt.org.br\/portal\/?p=39477"},"modified":"2020-01-02T09:26:13","modified_gmt":"2020-01-02T12:26:13","slug":"esocial-publicada-portaria-com-novas-datas-de-obrigatoriedade","status":"publish","type":"post","link":"https:\/\/www.anamt.org.br\/portal\/2020\/01\/02\/esocial-publicada-portaria-com-novas-datas-de-obrigatoriedade\/","title":{"rendered":"eSocial: publicada portaria com novas datas de obrigatoriedade"},"content":{"rendered":"<p>O Secret\u00e1rio Especial de Previd\u00eancia e Trabalho publicou nesta ter\u00e7a-feira, dia 24\/12, a Portaria n\u00ba 1.419, que traz o novo calend\u00e1rio de obrigatoriedade do eSocial, conforme j\u00e1 divulgado anteriormente. Os eventos peri\u00f3dicos previstos para o pr\u00f3ximo m\u00eas de janeiro foram prorrogados. Foram criados os grupos 5 e 6, por desmembramento do grupo 4. Agora, o Grupo 4 compreende os \u00f3rg\u00e3os e entidades federais, o Grupo 5 os \u00f3rg\u00e3os e entidades estaduais e o Grupo 6 os municipais.<\/p>\n<p>Al\u00e9m disso, considerando o grande n\u00famero de empresas pertencentes ao Grupo 3 (ME e EPP optantes pelo SIMPLES, MEI, empregadores pessoas f\u00edsicas &#8211; exceto dom\u00e9sticos, entidades sem fins lucrativos), foi estabelecido que haver\u00e1 um escalonamento para a obrigatoriedade dos eventos peri\u00f3dicos (folhas de pagamento), definido pelo \u00faltimo d\u00edgito do CNPJ b\u00e1sico.<\/p>\n<p>Houve, tamb\u00e9m, altera\u00e7\u00e3o no cronograma de in\u00edcio dos eventos de Sa\u00fade e Seguran\u00e7a do Trabalhador &#8211; SST para todos os grupos.<\/p>\n<p>A mudan\u00e7a no calend\u00e1rio de obrigatoriedade se d\u00e1 para a implanta\u00e7\u00e3o da simplifica\u00e7\u00e3o do eSocial, que dever\u00e1 ser publicada em breve.<\/p>\n<p>Veja as principais mudan\u00e7as para os grupos de obrigados:<\/p>\n<p><strong>Grupo 1 &#8211; Empresas com faturamento superior a R$78 milh\u00f5es<\/strong><\/p>\n<p>Eventos de tabela, n\u00e3o peri\u00f3dicos e peri\u00f3dicos &#8211; j\u00e1 implantados<\/p>\n<ul>\n<li>08\/09\/2020 &#8211; Eventos de SST &#8211; Sa\u00fade e Seguran\u00e7a do Trabalhador S-2210, S-2220 e S-2240<\/li>\n<\/ul>\n<p><strong>Grupo 2 &#8211; Empresas com faturamento inferior a R$78 milh\u00f5es, exceto as optantes pelo Simples<\/strong><\/p>\n<p>Eventos de tabela, n\u00e3o peri\u00f3dicos e peri\u00f3dicos &#8211; j\u00e1 implantados<\/p>\n<ul>\n<li>08\/01\/2021 &#8211; Eventos de SST &#8211; Sa\u00fade e Seguran\u00e7a do Trabalhador S-2210, S-2220 e S-2240<\/li>\n<\/ul>\n<p><strong>Grupo 3 &#8211; ME e EPP optantes pelo Simples, MEI, empregadores pessoas f\u00edsicas (exceto dom\u00e9sticos), entidades sem fins lucrativos<\/strong><\/p>\n<p>Eventos de tabela e n\u00e3o peri\u00f3dicos &#8211; j\u00e1 implantados<\/p>\n<p>Eventos Peri\u00f3dicos (folha de pagamento) &#8211; S-1200 a S-1299:<\/p>\n<ul>\n<li>08\/09\/2020 &#8211; CNPJ b\u00e1sico com final 0, 1, 2 ou 3<\/li>\n<li>08\/10\/2020 &#8211; CNPJ b\u00e1sico com final 4, 5, 6 ou 7<\/li>\n<li>09\/11\/2020 &#8211; CNPJ b\u00e1sico com final 8, 9 e pessoas f\u00edsicas<\/li>\n<li>08\/07\/2021 &#8211; Eventos de SST &#8211; Sa\u00fade e Seguran\u00e7a do Trabalhador S-2210, S-2220 e S-2240<\/li>\n<\/ul>\n<p><strong>Grupo 4 &#8211; Entes p\u00fablicos de \u00e2mbito federal e as organiza\u00e7\u00f5es internacionais<\/strong><\/p>\n<ul>\n<li>08\/09\/2020 &#8211; Eventos de tabela S-1000 a S-1070, do leiaute do eSocial, exceto o evento S-1010<\/li>\n<li>09\/11\/2020 &#8211; Eventos n\u00e3o peri\u00f3dicos S-2190 a S-2420<\/li>\n<li>08\/03\/2021 &#8211; Evento de tabela S-1010<\/li>\n<li>10\/05\/2021 &#8211; Eventos peri\u00f3dicos &#8211; S-1200 a S-1299<\/li>\n<li>10\/01\/2022 &#8211; Eventos de SST &#8211; Sa\u00fade e Seguran\u00e7a do Trabalhador S-2210, S-2220 e S-2240<\/li>\n<\/ul>\n<p><strong>Grupo 5 &#8211; Entes p\u00fablicos de \u00e2mbito estadual e o Distrito Federal<\/strong><\/p>\n<ul>\n<li>Eventos de tabela, n\u00e3o peri\u00f3dicos e peri\u00f3dicos &#8211; cronograma a ser estabelecido em ato espec\u00edfico<\/li>\n<li>08\/07\/2022 &#8211; Eventos de SST &#8211; Sa\u00fade e Seguran\u00e7a do Trabalhador S-2210, S-2220 e S-2240<\/li>\n<\/ul>\n<p><strong>Grupo 6 &#8211; Entes p\u00fablicos de \u00e2mbito municipal, as comiss\u00f5es polinacionais e os cons\u00f3rcios p\u00fablicos<\/strong><\/p>\n<ul>\n<li>Eventos de tabela, n\u00e3o peri\u00f3dicos e peri\u00f3dicos &#8211; cronograma a ser estabelecido em ato espec\u00edfico<\/li>\n<li>09\/01\/2023 &#8211; Eventos de SST &#8211; Sa\u00fade e Seguran\u00e7a do Trabalhador S-2210, S-2220 e S-2240<\/li>\n<\/ul>\n<p><em>(Fonte: Portal do eSocial)<\/em><\/p>\n","protected":false},"excerpt":{"rendered":"<p>O Secret\u00e1rio Especial de Previd\u00eancia e Trabalho publicou nesta ter\u00e7a-feira, dia 24\/12, a Portaria n\u00ba 1.419, que traz o novo calend\u00e1rio de obrigatoriedade do eSocial, conforme j\u00e1 divulgado anteriormente. Os eventos peri\u00f3dicos previstos para o pr\u00f3ximo m\u00eas de janeiro foram prorrogados. Foram criados os grupos 5 e 6, por desmembramento do grupo 4. Agora, o [&hellip;]<\/p>\n","protected":false},"author":1,"featured_media":32195,"comment_status":"closed","ping_status":"closed","sticky":false,"template":"","format":"standard","meta":{"footnotes":""},"categories":[79],"tags":[],"_links":{"self":[{"href":"https:\/\/www.anamt.org.br\/portal\/wp-json\/wp\/v2\/posts\/39477"}],"collection":[{"href":"https:\/\/www.anamt.org.br\/portal\/wp-json\/wp\/v2\/posts"}],"about":[{"href":"https:\/\/www.anamt.org.br\/portal\/wp-json\/wp\/v2\/types\/post"}],"author":[{"embeddable":true,"href":"https:\/\/www.anamt.org.br\/portal\/wp-json\/wp\/v2\/users\/1"}],"replies":[{"embeddable":true,"href":"https:\/\/www.anamt.org.br\/portal\/wp-json\/wp\/v2\/comments?post=39477"}],"version-history":[{"count":0,"href":"https:\/\/www.anamt.org.br\/portal\/wp-json\/wp\/v2\/posts\/39477\/revisions"}],"wp:featuredmedia":[{"embeddable":true,"href":"https:\/\/www.anamt.org.br\/portal\/wp-json\/wp\/v2\/media\/32195"}],"wp:attachment":[{"href":"https:\/\/www.anamt.org.br\/portal\/wp-json\/wp\/v2\/media?parent=39477"}],"wp:term":[{"taxonomy":"category","embeddable":true,"href":"https:\/\/www.anamt.org.br\/portal\/wp-json\/wp\/v2\/categories?post=39477"},{"taxonomy":"post_tag","embeddable":true,"href":"https:\/\/www.anamt.org.br\/portal\/wp-json\/wp\/v2\/tags?post=39477"}],"curies":[{"name":"wp","href":"https:\/\/api.w.org\/{rel}","templated":true}]}}