{"id":39473,"date":"2019-12-27T10:31:32","date_gmt":"2019-12-27T13:31:32","guid":{"rendered":"https:\/\/www.anamt.org.br\/portal\/?p=39473"},"modified":"2019-12-27T10:31:32","modified_gmt":"2019-12-27T13:31:32","slug":"mpt-alerta-para-riscos-nas-mudancas-propostas-para-o-pcmso","status":"publish","type":"post","link":"https:\/\/www.anamt.org.br\/portal\/2019\/12\/27\/mpt-alerta-para-riscos-nas-mudancas-propostas-para-o-pcmso\/","title":{"rendered":"MPT alerta para riscos nas mudan\u00e7as propostas para o PCMSO"},"content":{"rendered":"<p>Para contribuir com o processo de moderniza\u00e7\u00e3o das normas regulamentadoras, o Minist\u00e9rio P\u00fablico do Trabalho emitiu a segunda nota t\u00e9cnica da semana. Desta vez, com sugest\u00f5es de aprimoramento do texto original da proposta do Governo Federal para a Norma Regulamentadora n\u00ba 7, que estabelece os par\u00e2metros m\u00ednimos e as diretrizes gerais para o Programa de Controle M\u00e9dico de Sa\u00fade Ocupacional.<\/p>\n<p>Um dos pontos questionados pelo MPT \u00e9 o que fixa a possibilidade de dispensa do exame demissional (que deveria ser realizado at\u00e9 10 dias ap\u00f3s o t\u00e9rmino do contrato) caso o exame cl\u00ednico ocupacional mais recente tenha sido realizado h\u00e1 menos de 120 dias.<\/p>\n<p>Para o MPT, a proposta pode trazer preju\u00edzos extremos ao trabalhador, pois diversas doen\u00e7as podem se desenvolver em curtos espa\u00e7os de tempo, como as les\u00f5es do aparelho locomotor. A norma anterior j\u00e1 previa a possibilidade de aproveitar um exame m\u00e9dico feito em at\u00e9 90 dias.<\/p>\n<p>Segundo defende a nota, \u201ca proposta atual acentua a situa\u00e7\u00e3o que j\u00e1 n\u00e3o tem a melhor indica\u00e7\u00e3o sob o prisma da prote\u00e7\u00e3o \u00e0 sa\u00fade\u201d. Dessa forma, o MPT sugere que todo trabalhador ou trabalhadora realmente seja submetido sempre ao exame m\u00e9dico demissional, independentemente do tempo do \u00faltimo exame m\u00e9dico ocupacional anterior.<\/p>\n<p>A nota t\u00e9cnica foi juntada no processo de discuss\u00e3o da Comiss\u00e3o Tripartite Parit\u00e1ria Permanente, respons\u00e1vel pela elabora\u00e7\u00e3o das novas normas, e pode ser acessada <a href=\"https:\/\/mpt.mp.br\/pgt\/noticias\/nota-tecnica-nr-7-vale-essa-1.pdf\" target=\"_blank\" rel=\"noopener\"><strong>aqui<\/strong><\/a>.<\/p>\n<p>(<em>Fonte: Minist\u00e9rio P\u00fablico do Trabalho<\/em>)<\/p>\n","protected":false},"excerpt":{"rendered":"<p>Para contribuir com o processo de moderniza\u00e7\u00e3o das normas regulamentadoras, o Minist\u00e9rio P\u00fablico do Trabalho emitiu a segunda nota t\u00e9cnica da semana. Desta vez, com sugest\u00f5es de aprimoramento do texto original da proposta do Governo Federal para a Norma Regulamentadora n\u00ba 7, que estabelece os par\u00e2metros m\u00ednimos e as diretrizes gerais para o Programa de [&hellip;]<\/p>\n","protected":false},"author":1,"featured_media":30853,"comment_status":"closed","ping_status":"closed","sticky":false,"template":"","format":"standard","meta":{"footnotes":""},"categories":[79],"tags":[],"_links":{"self":[{"href":"https:\/\/www.anamt.org.br\/portal\/wp-json\/wp\/v2\/posts\/39473"}],"collection":[{"href":"https:\/\/www.anamt.org.br\/portal\/wp-json\/wp\/v2\/posts"}],"about":[{"href":"https:\/\/www.anamt.org.br\/portal\/wp-json\/wp\/v2\/types\/post"}],"author":[{"embeddable":true,"href":"https:\/\/www.anamt.org.br\/portal\/wp-json\/wp\/v2\/users\/1"}],"replies":[{"embeddable":true,"href":"https:\/\/www.anamt.org.br\/portal\/wp-json\/wp\/v2\/comments?post=39473"}],"version-history":[{"count":0,"href":"https:\/\/www.anamt.org.br\/portal\/wp-json\/wp\/v2\/posts\/39473\/revisions"}],"wp:featuredmedia":[{"embeddable":true,"href":"https:\/\/www.anamt.org.br\/portal\/wp-json\/wp\/v2\/media\/30853"}],"wp:attachment":[{"href":"https:\/\/www.anamt.org.br\/portal\/wp-json\/wp\/v2\/media?parent=39473"}],"wp:term":[{"taxonomy":"category","embeddable":true,"href":"https:\/\/www.anamt.org.br\/portal\/wp-json\/wp\/v2\/categories?post=39473"},{"taxonomy":"post_tag","embeddable":true,"href":"https:\/\/www.anamt.org.br\/portal\/wp-json\/wp\/v2\/tags?post=39473"}],"curies":[{"name":"wp","href":"https:\/\/api.w.org\/{rel}","templated":true}]}}