{"id":39464,"date":"2019-12-23T16:20:20","date_gmt":"2019-12-23T19:20:20","guid":{"rendered":"https:\/\/www.anamt.org.br\/portal\/?p=39464"},"modified":"2019-12-23T16:22:49","modified_gmt":"2019-12-23T19:22:49","slug":"ctpp-aprova-texto-do-pgr-e-altera-nome-para-gro","status":"publish","type":"post","link":"https:\/\/www.anamt.org.br\/portal\/2019\/12\/23\/ctpp-aprova-texto-do-pgr-e-altera-nome-para-gro\/","title":{"rendered":"Em reuni\u00e3o, Comiss\u00e3o aprova texto do PGR e altera nome para GRO"},"content":{"rendered":"<p>Foi aprovado na noite de ontem, dia 17 de dezembro, durante a reuni\u00e3o da CTPP (Comiss\u00e3o Tripartite Parit\u00e1ria Permanente), em Bras\u00edlia\/DF, o texto do PGR (Programa de Gerenciamento de Riscos). Entre os destaques desta aprova\u00e7\u00e3o, \u00e9 que o PGR passar\u00e1 a ser chamado de GRO (Gerenciamento de Riscos Ocupacionais).<\/p>\n<p>Conforme divulgado pela Fundacentro, a aprova\u00e7\u00e3o do texto foi um consenso entre as bancadas, depois de um dia de debates durante a reuni\u00e3o. Al\u00e9m disto, de acordo com a entidade, ainda ser\u00e1 discutido se o PGR, agora GRO, ser\u00e1 uma norma aut\u00f4noma ou parte de outra norma. Com o texto aprovado, ser\u00e1 feito o encaminhamento ao Conjur (Consultoria Jur\u00eddica).<\/p>\n<p>A reuni\u00e3o da CTPP segue at\u00e9 amanh\u00e3, dia 18. Em sua pauta ainda est\u00e3o as revis\u00f5es das Normas Regulamentadoras n\u00ba 7 (PCMSO), n\u00ba 9 (Agentes Ambientais), n\u00ba 17 (Ergonomia), n\u00ba 18 (Condi\u00e7\u00f5es e Meio Ambiente de Trabalho na Ind\u00fastria da Constru\u00e7\u00e3o), dos anexos I e II (Ru\u00eddo) da NR 15 (Atividades e Opera\u00e7\u00f5es Insalubres), entre outros assuntos envolvendo estas legisla\u00e7\u00f5es na \u00e1rea de Sa\u00fade e Seguran\u00e7a no Trabalho.<\/p>\n<p>SST em plataformas<\/p>\n<p>Foi publicado hoje, dia 17 de dezembro, no Di\u00e1rio Oficial da Uni\u00e3o, a Portaria n\u00ba 1.412, de 17 de dezembro de 2019, que prorroga por 12 meses a entrada em vigor de mais de 50 subitens da Norma Regulamentadora n\u00ba 37 (Seguran\u00e7a e Sa\u00fade em Plataformas de Petr\u00f3leo). Esta prorroga\u00e7\u00e3o j\u00e1 havia sido comentada na reuni\u00e3o da CTPP que ocorreu no dia 21 de novembro, na sede da Fundacentro, em S\u00e3o Paulo\/SP.<\/p>\n<p><em>(Fonte: Revista Prote\u00e7\u00e3o)<\/em><\/p>\n","protected":false},"excerpt":{"rendered":"<p>Foi aprovado na noite de ontem, dia 17 de dezembro, durante a reuni\u00e3o da CTPP (Comiss\u00e3o Tripartite Parit\u00e1ria Permanente), em Bras\u00edlia\/DF, o texto do PGR (Programa de Gerenciamento de Riscos). Entre os destaques desta aprova\u00e7\u00e3o, \u00e9 que o PGR passar\u00e1 a ser chamado de GRO (Gerenciamento de Riscos Ocupacionais). Conforme divulgado pela Fundacentro, a aprova\u00e7\u00e3o [&hellip;]<\/p>\n","protected":false},"author":1,"featured_media":39465,"comment_status":"closed","ping_status":"closed","sticky":false,"template":"","format":"standard","meta":{"footnotes":""},"categories":[79],"tags":[],"_links":{"self":[{"href":"https:\/\/www.anamt.org.br\/portal\/wp-json\/wp\/v2\/posts\/39464"}],"collection":[{"href":"https:\/\/www.anamt.org.br\/portal\/wp-json\/wp\/v2\/posts"}],"about":[{"href":"https:\/\/www.anamt.org.br\/portal\/wp-json\/wp\/v2\/types\/post"}],"author":[{"embeddable":true,"href":"https:\/\/www.anamt.org.br\/portal\/wp-json\/wp\/v2\/users\/1"}],"replies":[{"embeddable":true,"href":"https:\/\/www.anamt.org.br\/portal\/wp-json\/wp\/v2\/comments?post=39464"}],"version-history":[{"count":0,"href":"https:\/\/www.anamt.org.br\/portal\/wp-json\/wp\/v2\/posts\/39464\/revisions"}],"wp:featuredmedia":[{"embeddable":true,"href":"https:\/\/www.anamt.org.br\/portal\/wp-json\/wp\/v2\/media\/39465"}],"wp:attachment":[{"href":"https:\/\/www.anamt.org.br\/portal\/wp-json\/wp\/v2\/media?parent=39464"}],"wp:term":[{"taxonomy":"category","embeddable":true,"href":"https:\/\/www.anamt.org.br\/portal\/wp-json\/wp\/v2\/categories?post=39464"},{"taxonomy":"post_tag","embeddable":true,"href":"https:\/\/www.anamt.org.br\/portal\/wp-json\/wp\/v2\/tags?post=39464"}],"curies":[{"name":"wp","href":"https:\/\/api.w.org\/{rel}","templated":true}]}}