{"id":39429,"date":"2019-12-19T16:48:57","date_gmt":"2019-12-19T19:48:57","guid":{"rendered":"https:\/\/www.anamt.org.br\/portal\/?p=39429"},"modified":"2019-12-19T16:48:57","modified_gmt":"2019-12-19T19:48:57","slug":"bolsonaro-veta-possibilidade-de-faculdade-privada-aplicar-revalida","status":"publish","type":"post","link":"https:\/\/www.anamt.org.br\/portal\/2019\/12\/19\/bolsonaro-veta-possibilidade-de-faculdade-privada-aplicar-revalida\/","title":{"rendered":"Bolsonaro veta possibilidade de faculdade privada aplicar Revalida"},"content":{"rendered":"<p>O presidente Jair Bolsonaro (sem partido) vetou trecho de uma legisla\u00e7\u00e3o rec\u00e9m-aprovada pelo Congresso que permitia \u00e0s faculdades privadas aplicarem a prova do chamado &#8220;Revalida&#8221;. O exame testa o conhecimento de m\u00e9dicos, brasileiros e estrangeiros, formados no exterior para permitir que eles exer\u00e7am a medicina no Brasil. O veto faz parte da legisla\u00e7\u00e3o que criou o programa &#8220;M\u00e9dicos pelo Brasil&#8221;, que vai suceder o &#8220;Mais M\u00e9dicos&#8221;.<\/p>\n<p>De acordo com as regras, cerca de 2 mil profissionais cubanos poder\u00e3o continuar no &#8220;Mais M\u00e9dicos&#8221; por mais dois anos, per\u00edodo em que estar\u00e3o dispensados de fazer o &#8220;revalida&#8221;.<\/p>\n<p>No m\u00eas passado, o Congresso aprovou a Medida Provis\u00f3ria 890, que tratava do programa, e um projeto de lei, sobre o revalida. Hoje, Bolsonaro sancionou as leis, com tr\u00eas vetos.<\/p>\n<p>De acordo com as novas regras, o &#8220;revalida&#8221; ser\u00e1 feito duas vezes por ano. O \u00faltimo exame foi em 2017. Ele dever\u00e1 ser aplicado de forma digital por universidades p\u00fablicas. Quando a Medida Provis\u00f3ria 890 chegou ao Congresso, os parlamentares aprovaram um projeto de lei que permitia que universidades privadas executassem o teste.<\/p>\n<p>Bolsonaro vetou essa abertura \u00e0s faculdades particulares. O veto foi pedido pela classe m\u00e9dica.<\/p>\n<p>&#8220;Os m\u00e9dicos brasileiros ficaram bastante indignados com essa extens\u00e3o para as faculdades privadas. Fica aqui a nossa gratid\u00e3o&#8221;, explicou o presidente do Conselho Federal de Medicina, Mauro Ribeiro, em v\u00eddeo ao lado do presidente da Rep\u00fablica e do ministro da Sa\u00fade, Luiz Mandetta. O v\u00eddeo foi divulgado na tarde desta quarta-feira (18), depois de uma entrevista de Mandetta com jornalistas.<\/p>\n<p>&#8220;Espero que o Congresso mantenha os vetos&#8221;, disse Bolsonaro, ao assinar a lei. Ele afirmou que houve tr\u00eas vetos, mas que dois seriam &#8220;redundantes&#8221;.<\/p>\n<p>Novo programa vai abrir 18 mil vagas<\/p>\n<p>O minist\u00e9rio informou que ser\u00e3o abertas 18 mil vagas &#8220;em regi\u00f5es onde h\u00e1 maior car\u00eancia de m\u00e9dicos&#8221; no pa\u00eds. O objetivo \u00e9 aumento o acesso \u00e0 rede para cuidados b\u00e1sicos em sa\u00fade.<\/p>\n<p>Segundo a pasta, essa medida vai ampliar em 7 mil vagas a quantidade de m\u00e9dicos em regi\u00e3o em que existem &#8220;os maiores vazios assistenciais do Brasil&#8221;. Norte e Nordeste ficar\u00e3o com 55% do total de vagas. A sele\u00e7\u00e3o de profissionais come\u00e7a no primeiro semestre do ano que vem, quando sair\u00e1 o primeiro edital.<\/p>\n<p>Os m\u00e9dicos cubanos est\u00e3o fora do &#8220;Mais m\u00e9dicos&#8221; desde novembro de 2018. Aqueles que tiverem permanecido no Brasil at\u00e9 1\u00ba de agosto deste ano, data da edi\u00e7\u00e3o da Medida Provis\u00f3ria 890, poder\u00e3o retornar ao programa. A assessoria do Minist\u00e9rio da Sa\u00fade estima que 2 mil profissionais cubanos se enquadrem nestas condi\u00e7\u00f5es.<\/p>\n<p>Esses m\u00e9dicos poder\u00e3o atuar por dois anos. Caso desejem atuar na iniciativa privada ou depois desses dois anos, dever\u00e3o fazer o exame do &#8220;revalida&#8221;.<\/p>\n<p><em>(Fonte: UOL)<\/em><\/p>\n","protected":false},"excerpt":{"rendered":"<p>O presidente Jair Bolsonaro (sem partido) vetou trecho de uma legisla\u00e7\u00e3o rec\u00e9m-aprovada pelo Congresso que permitia \u00e0s faculdades privadas aplicarem a prova do chamado &#8220;Revalida&#8221;. O exame testa o conhecimento de m\u00e9dicos, brasileiros e estrangeiros, formados no exterior para permitir que eles exer\u00e7am a medicina no Brasil. O veto faz parte da legisla\u00e7\u00e3o que criou [&hellip;]<\/p>\n","protected":false},"author":1,"featured_media":36287,"comment_status":"closed","ping_status":"closed","sticky":false,"template":"","format":"standard","meta":{"footnotes":""},"categories":[79],"tags":[],"_links":{"self":[{"href":"https:\/\/www.anamt.org.br\/portal\/wp-json\/wp\/v2\/posts\/39429"}],"collection":[{"href":"https:\/\/www.anamt.org.br\/portal\/wp-json\/wp\/v2\/posts"}],"about":[{"href":"https:\/\/www.anamt.org.br\/portal\/wp-json\/wp\/v2\/types\/post"}],"author":[{"embeddable":true,"href":"https:\/\/www.anamt.org.br\/portal\/wp-json\/wp\/v2\/users\/1"}],"replies":[{"embeddable":true,"href":"https:\/\/www.anamt.org.br\/portal\/wp-json\/wp\/v2\/comments?post=39429"}],"version-history":[{"count":0,"href":"https:\/\/www.anamt.org.br\/portal\/wp-json\/wp\/v2\/posts\/39429\/revisions"}],"wp:featuredmedia":[{"embeddable":true,"href":"https:\/\/www.anamt.org.br\/portal\/wp-json\/wp\/v2\/media\/36287"}],"wp:attachment":[{"href":"https:\/\/www.anamt.org.br\/portal\/wp-json\/wp\/v2\/media?parent=39429"}],"wp:term":[{"taxonomy":"category","embeddable":true,"href":"https:\/\/www.anamt.org.br\/portal\/wp-json\/wp\/v2\/categories?post=39429"},{"taxonomy":"post_tag","embeddable":true,"href":"https:\/\/www.anamt.org.br\/portal\/wp-json\/wp\/v2\/tags?post=39429"}],"curies":[{"name":"wp","href":"https:\/\/api.w.org\/{rel}","templated":true}]}}