{"id":39413,"date":"2019-12-23T08:00:26","date_gmt":"2019-12-23T11:00:26","guid":{"rendered":"https:\/\/www.anamt.org.br\/portal\/?p=39413"},"modified":"2022-09-04T17:29:25","modified_gmt":"2022-09-04T20:29:25","slug":"podcast-anamt-aborda-inclusao-de-pessoas-com-deficiencia","status":"publish","type":"post","link":"https:\/\/www.anamt.org.br\/portal\/2019\/12\/23\/podcast-anamt-aborda-inclusao-de-pessoas-com-deficiencia\/","title":{"rendered":"Podcast ANAMT aborda Inclus\u00e3o de Pessoas com Defici\u00eancia"},"content":{"rendered":"<p>A terceira edi\u00e7\u00e3o do Podcast ANAMT, sobre inclus\u00e3o de pessoas com defici\u00eancia, foi divulgada. O programa aborda a legisla\u00e7\u00e3o, avalia\u00e7\u00e3o ocupacional feita pelo m\u00e9dico do trabalho, entre outros temas. <a href=\"https:\/\/www.anamt.org.br\/portal\/painel-do-associado\/podcast-anamt\/\">Ou\u00e7a o programa na \u00e1rea de acesso restrito para associados.<\/a><\/p>\n<p>Realizado em parceria pelas diretorias de Divulga\u00e7\u00e3o e Cient\u00edfica, o Podcast ANAMT une a praticidade da tecnologia com atualiza\u00e7\u00e3o profissional. A<a href=\"https:\/\/www.anamt.org.br\/portal\/2019\/11\/25\/anamt-estreia-novo-podcast-com-edicao-sobre-insalubridade\/\" target=\"_blank\" rel=\"noopener\"> primeira edi\u00e7\u00e3o<\/a>, divulgada em novembro, abordou o tema Insalubridade e a <a href=\"https:\/\/www.anamt.org.br\/portal\/2019\/12\/10\/podcast-anamt-programa-reune-duvidas-sobre-a-especialidade\/\" target=\"_blank\" rel=\"noopener\">segunda<\/a> reuniu d\u00favidas dos associados sobre a especialidade.<\/p>\n","protected":false},"excerpt":{"rendered":"<p>A terceira edi\u00e7\u00e3o do Podcast ANAMT, sobre inclus\u00e3o de pessoas com defici\u00eancia, foi divulgada. O programa aborda a legisla\u00e7\u00e3o, avalia\u00e7\u00e3o ocupacional feita pelo m\u00e9dico do trabalho, entre outros temas. Ou\u00e7a o programa na \u00e1rea de acesso restrito para associados. Realizado em parceria pelas diretorias de Divulga\u00e7\u00e3o e Cient\u00edfica, o Podcast ANAMT une a praticidade da [&hellip;]<\/p>\n","protected":false},"author":1,"featured_media":39414,"comment_status":"closed","ping_status":"closed","sticky":false,"template":"","format":"standard","meta":{"footnotes":""},"categories":[77,242],"tags":[],"_links":{"self":[{"href":"https:\/\/www.anamt.org.br\/portal\/wp-json\/wp\/v2\/posts\/39413"}],"collection":[{"href":"https:\/\/www.anamt.org.br\/portal\/wp-json\/wp\/v2\/posts"}],"about":[{"href":"https:\/\/www.anamt.org.br\/portal\/wp-json\/wp\/v2\/types\/post"}],"author":[{"embeddable":true,"href":"https:\/\/www.anamt.org.br\/portal\/wp-json\/wp\/v2\/users\/1"}],"replies":[{"embeddable":true,"href":"https:\/\/www.anamt.org.br\/portal\/wp-json\/wp\/v2\/comments?post=39413"}],"version-history":[{"count":1,"href":"https:\/\/www.anamt.org.br\/portal\/wp-json\/wp\/v2\/posts\/39413\/revisions"}],"predecessor-version":[{"id":45565,"href":"https:\/\/www.anamt.org.br\/portal\/wp-json\/wp\/v2\/posts\/39413\/revisions\/45565"}],"wp:featuredmedia":[{"embeddable":true,"href":"https:\/\/www.anamt.org.br\/portal\/wp-json\/wp\/v2\/media\/39414"}],"wp:attachment":[{"href":"https:\/\/www.anamt.org.br\/portal\/wp-json\/wp\/v2\/media?parent=39413"}],"wp:term":[{"taxonomy":"category","embeddable":true,"href":"https:\/\/www.anamt.org.br\/portal\/wp-json\/wp\/v2\/categories?post=39413"},{"taxonomy":"post_tag","embeddable":true,"href":"https:\/\/www.anamt.org.br\/portal\/wp-json\/wp\/v2\/tags?post=39413"}],"curies":[{"name":"wp","href":"https:\/\/api.w.org\/{rel}","templated":true}]}}