{"id":39401,"date":"2019-12-17T10:59:02","date_gmt":"2019-12-17T13:59:02","guid":{"rendered":"https:\/\/www.anamt.org.br\/portal\/?p=39401"},"modified":"2020-06-15T14:08:19","modified_gmt":"2020-06-15T17:08:19","slug":"xxxviii-congresso-brasileiro-de-psiquiatria","status":"publish","type":"post","link":"https:\/\/www.anamt.org.br\/portal\/2019\/12\/17\/xxxviii-congresso-brasileiro-de-psiquiatria\/","title":{"rendered":"XXXVIII Congresso Brasileiro de Psiquiatria"},"content":{"rendered":"<p><img decoding=\"async\" class=\"size-600 alignright\" src=\"https:\/\/static.wixstatic.com\/media\/c37608_584d868f61114893b05a6e8adbf64b1e~mv2_d_2622_1610_s_2.png\/v1\/crop\/x_0,y_274,w_2622,h_1320\/fill\/w_377,h_190,al_c,q_85,usm_0.66_1.00_0.01\/logo_cbp_20.webp\" width=\"377\" height=\"190\" \/><\/p>\n<p>Nos dias 21 e 24 de outubro de 2020, a Associa\u00e7\u00e3o Brasileira de Psiquiatria (ABP) promover\u00e1 em S\u00e3o Paulo (SP) o XXXVIII Congresso Brasileiro de Psiquiatria.<\/p>\n<p>Mais informa\u00e7\u00f5es:<\/p>\n<p><a href=\"https:\/\/www.abp.org.br\/congresso\">https:\/\/www.abp.org.br\/congresso<\/a><\/p>\n","protected":false},"excerpt":{"rendered":"<p>Nos dias 21 e 24 de outubro de 2020, a Associa\u00e7\u00e3o Brasileira de Psiquiatria (ABP) promover\u00e1 em S\u00e3o Paulo (SP) o XXXVIII Congresso Brasileiro de Psiquiatria. Mais informa\u00e7\u00f5es: https:\/\/www.abp.org.br\/congresso<\/p>\n","protected":false},"author":1,"featured_media":0,"comment_status":"closed","ping_status":"closed","sticky":false,"template":"","format":"standard","meta":{"footnotes":""},"categories":[190],"tags":[],"_links":{"self":[{"href":"https:\/\/www.anamt.org.br\/portal\/wp-json\/wp\/v2\/posts\/39401"}],"collection":[{"href":"https:\/\/www.anamt.org.br\/portal\/wp-json\/wp\/v2\/posts"}],"about":[{"href":"https:\/\/www.anamt.org.br\/portal\/wp-json\/wp\/v2\/types\/post"}],"author":[{"embeddable":true,"href":"https:\/\/www.anamt.org.br\/portal\/wp-json\/wp\/v2\/users\/1"}],"replies":[{"embeddable":true,"href":"https:\/\/www.anamt.org.br\/portal\/wp-json\/wp\/v2\/comments?post=39401"}],"version-history":[{"count":0,"href":"https:\/\/www.anamt.org.br\/portal\/wp-json\/wp\/v2\/posts\/39401\/revisions"}],"wp:attachment":[{"href":"https:\/\/www.anamt.org.br\/portal\/wp-json\/wp\/v2\/media?parent=39401"}],"wp:term":[{"taxonomy":"category","embeddable":true,"href":"https:\/\/www.anamt.org.br\/portal\/wp-json\/wp\/v2\/categories?post=39401"},{"taxonomy":"post_tag","embeddable":true,"href":"https:\/\/www.anamt.org.br\/portal\/wp-json\/wp\/v2\/tags?post=39401"}],"curies":[{"name":"wp","href":"https:\/\/api.w.org\/{rel}","templated":true}]}}