{"id":39373,"date":"2019-12-11T16:59:35","date_gmt":"2019-12-11T19:59:35","guid":{"rendered":"https:\/\/www.anamt.org.br\/portal\/?p=39373"},"modified":"2019-12-11T17:00:04","modified_gmt":"2019-12-11T20:00:04","slug":"portaria-aprova-e-altera-anexos-da-nr-9-15-e-28","status":"publish","type":"post","link":"https:\/\/www.anamt.org.br\/portal\/2019\/12\/11\/portaria-aprova-e-altera-anexos-da-nr-9-15-e-28\/","title":{"rendered":"Portaria aprova e altera anexos das Normas Regulamentadoras 9, 15 e 28"},"content":{"rendered":"<p>Foi publicado hoje, dia 11 de dezembro, no Di\u00e1rio Oficial da Uni\u00e3o, a Portaria n\u00ba 1.359, de 9 de dezembro de 2019. O documento aprova o Anexo 3 &#8211; Calor &#8211; da Norma Regulamentadora n\u00ba 9 (Programa de Preven\u00e7\u00e3o de Riscos Ambientais), altera o Anexo n\u00ba 3 &#8211; Limites de Toler\u00e2ncia para Exposi\u00e7\u00e3o ao Calor &#8211; da Norma Regulamentadora n\u00ba 15 (Atividades e Opera\u00e7\u00f5es Insalubres) e o Anexo II da NR n\u00ba 28 (Fiscaliza\u00e7\u00e3o e Penalidades), e d\u00e1 outras provid\u00eancias.<\/p>\n<p>A partir desta publica\u00e7\u00e3o, a reda\u00e7\u00e3o do anexo 3 (Calor) da NR 9 passa a valer conforme o Anexo 1 desta portaria. O objetivo deste anexo \u00e9 definir crit\u00e9rios para preven\u00e7\u00e3o dos riscos \u00e0 sa\u00fade dos trabalhadores decorrentes das exposi\u00e7\u00f5es ocupacionais ao calor. Na reda\u00e7\u00e3o do novo texto est\u00e3o expostas: responsabilidades do empregador, medidas preventivas e corretivas, aclimatiza\u00e7\u00e3o e procedimentos de emerg\u00eancia.<\/p>\n<p>O anexo 3 (Limites de Toler\u00e2ncia para Exposi\u00e7\u00e3o ao Calor) da NR 15 tamb\u00e9m passa a vigorar com a reda\u00e7\u00e3o presente no Anexo II desta portaria. Este anexo tem como objetivo estabelecer crit\u00e9rio para caracterizar as atividades ou opera\u00e7\u00f5es insalubres decorrentes da exposi\u00e7\u00e3o ocupacional ao calor em ambientes fechados ou ambientes com fonte artificial de calor. O documento especifica informa\u00e7\u00f5es sobre caracteriza\u00e7\u00e3o da atividade ou opera\u00e7\u00e3o insalubre e laudo t\u00e9cnico para caracteriza\u00e7\u00e3o da exposi\u00e7\u00e3o ocupacional ao calor.<\/p>\n<p>J\u00e1, a reda\u00e7\u00e3o do anexo II da NR 28, passa a valer com as altera\u00e7\u00f5es nos itens e subitens a seguir: 2.1; 2.1.1, al\u00edneas &#8220;a&#8221;, &#8220;b&#8221;, &#8220;c&#8221;, &#8220;d&#8221;, &#8220;e&#8221; e &#8220;f&#8221;, e 2.1.2; 2.3, al\u00edneas &#8220;a&#8221;, &#8220;b&#8221;, &#8220;c&#8221;, &#8220;d&#8221;, &#8220;e&#8221;, &#8220;f&#8221;, &#8220;g&#8221;, &#8220;h&#8221;, &#8220;i&#8221;, &#8220;j&#8221;, &#8220;k&#8221; e &#8220;l&#8221; e 2.3.1; 2.3.1.1, al\u00edneas &#8220;a&#8221;, &#8220;b&#8221; e &#8220;c&#8221;, e 2.4, al\u00edneas &#8220;a&#8221;, &#8220;b&#8221;, &#8220;c&#8221; e &#8220;d&#8221;. Esta Portaria entrou em vigor nesta data.<\/p>\n<p><em>(Fonte: Revista Prote\u00e7\u00e3o)<\/em><\/p>\n","protected":false},"excerpt":{"rendered":"<p>Foi publicado hoje, dia 11 de dezembro, no Di\u00e1rio Oficial da Uni\u00e3o, a Portaria n\u00ba 1.359, de 9 de dezembro de 2019. O documento aprova o Anexo 3 &#8211; Calor &#8211; da Norma Regulamentadora n\u00ba 9 (Programa de Preven\u00e7\u00e3o de Riscos Ambientais), altera o Anexo n\u00ba 3 &#8211; Limites de Toler\u00e2ncia para Exposi\u00e7\u00e3o ao Calor [&hellip;]<\/p>\n","protected":false},"author":1,"featured_media":30339,"comment_status":"closed","ping_status":"closed","sticky":false,"template":"","format":"standard","meta":{"footnotes":""},"categories":[79],"tags":[],"_links":{"self":[{"href":"https:\/\/www.anamt.org.br\/portal\/wp-json\/wp\/v2\/posts\/39373"}],"collection":[{"href":"https:\/\/www.anamt.org.br\/portal\/wp-json\/wp\/v2\/posts"}],"about":[{"href":"https:\/\/www.anamt.org.br\/portal\/wp-json\/wp\/v2\/types\/post"}],"author":[{"embeddable":true,"href":"https:\/\/www.anamt.org.br\/portal\/wp-json\/wp\/v2\/users\/1"}],"replies":[{"embeddable":true,"href":"https:\/\/www.anamt.org.br\/portal\/wp-json\/wp\/v2\/comments?post=39373"}],"version-history":[{"count":0,"href":"https:\/\/www.anamt.org.br\/portal\/wp-json\/wp\/v2\/posts\/39373\/revisions"}],"wp:featuredmedia":[{"embeddable":true,"href":"https:\/\/www.anamt.org.br\/portal\/wp-json\/wp\/v2\/media\/30339"}],"wp:attachment":[{"href":"https:\/\/www.anamt.org.br\/portal\/wp-json\/wp\/v2\/media?parent=39373"}],"wp:term":[{"taxonomy":"category","embeddable":true,"href":"https:\/\/www.anamt.org.br\/portal\/wp-json\/wp\/v2\/categories?post=39373"},{"taxonomy":"post_tag","embeddable":true,"href":"https:\/\/www.anamt.org.br\/portal\/wp-json\/wp\/v2\/tags?post=39373"}],"curies":[{"name":"wp","href":"https:\/\/api.w.org\/{rel}","templated":true}]}}