{"id":39368,"date":"2019-12-10T16:03:57","date_gmt":"2019-12-10T19:03:57","guid":{"rendered":"https:\/\/www.anamt.org.br\/portal\/?p=39368"},"modified":"2022-09-04T17:29:25","modified_gmt":"2022-09-04T20:29:25","slug":"podcast-anamt-programa-reune-duvidas-sobre-a-especialidade","status":"publish","type":"post","link":"https:\/\/www.anamt.org.br\/portal\/2019\/12\/10\/podcast-anamt-programa-reune-duvidas-sobre-a-especialidade\/","title":{"rendered":"Podcast ANAMT: programa re\u00fane d\u00favidas sobre a especialidade"},"content":{"rendered":"<p>A ANAMT divulgou a segunda edi\u00e7\u00e3o do seu podcast. O programa re\u00fane respostas dos associados a d\u00favidas enviadas sobre a atua\u00e7\u00e3o da especialidade.<\/p>\n<p><a href=\"https:\/\/www.anamt.org.br\/portal\/painel-do-associado\/podcast-anamt\/\">Ou\u00e7a o programa na \u00e1rea de acesso restrito para associados.<\/a><\/p>\n<p>Parceria das diretorias de Divulga\u00e7\u00e3o e Cient\u00edfica, o Podcast ANAMT re\u00fane a atualiza\u00e7\u00e3o profissional com a praticidade da tecnologia. A <a href=\"https:\/\/www.anamt.org.br\/portal\/2019\/11\/25\/anamt-estreia-novo-podcast-com-edicao-sobre-insalubridade\/\" target=\"_blank\" rel=\"noopener\">primeira edi\u00e7\u00e3o<\/a> foi divulgada no dia 19 de novembro, com o tema insalubridade.<\/p>\n","protected":false},"excerpt":{"rendered":"<p>A ANAMT divulgou a segunda edi\u00e7\u00e3o do seu podcast. O programa re\u00fane respostas dos associados a d\u00favidas enviadas sobre a atua\u00e7\u00e3o da especialidade. Ou\u00e7a o programa na \u00e1rea de acesso restrito para associados. Parceria das diretorias de Divulga\u00e7\u00e3o e Cient\u00edfica, o Podcast ANAMT re\u00fane a atualiza\u00e7\u00e3o profissional com a praticidade da tecnologia. A primeira edi\u00e7\u00e3o [&hellip;]<\/p>\n","protected":false},"author":1,"featured_media":39288,"comment_status":"closed","ping_status":"closed","sticky":false,"template":"","format":"standard","meta":{"footnotes":""},"categories":[77,242],"tags":[],"_links":{"self":[{"href":"https:\/\/www.anamt.org.br\/portal\/wp-json\/wp\/v2\/posts\/39368"}],"collection":[{"href":"https:\/\/www.anamt.org.br\/portal\/wp-json\/wp\/v2\/posts"}],"about":[{"href":"https:\/\/www.anamt.org.br\/portal\/wp-json\/wp\/v2\/types\/post"}],"author":[{"embeddable":true,"href":"https:\/\/www.anamt.org.br\/portal\/wp-json\/wp\/v2\/users\/1"}],"replies":[{"embeddable":true,"href":"https:\/\/www.anamt.org.br\/portal\/wp-json\/wp\/v2\/comments?post=39368"}],"version-history":[{"count":1,"href":"https:\/\/www.anamt.org.br\/portal\/wp-json\/wp\/v2\/posts\/39368\/revisions"}],"predecessor-version":[{"id":45566,"href":"https:\/\/www.anamt.org.br\/portal\/wp-json\/wp\/v2\/posts\/39368\/revisions\/45566"}],"wp:featuredmedia":[{"embeddable":true,"href":"https:\/\/www.anamt.org.br\/portal\/wp-json\/wp\/v2\/media\/39288"}],"wp:attachment":[{"href":"https:\/\/www.anamt.org.br\/portal\/wp-json\/wp\/v2\/media?parent=39368"}],"wp:term":[{"taxonomy":"category","embeddable":true,"href":"https:\/\/www.anamt.org.br\/portal\/wp-json\/wp\/v2\/categories?post=39368"},{"taxonomy":"post_tag","embeddable":true,"href":"https:\/\/www.anamt.org.br\/portal\/wp-json\/wp\/v2\/tags?post=39368"}],"curies":[{"name":"wp","href":"https:\/\/api.w.org\/{rel}","templated":true}]}}