{"id":39365,"date":"2019-12-06T16:39:07","date_gmt":"2019-12-06T19:39:07","guid":{"rendered":"https:\/\/www.anamt.org.br\/portal\/?p=39365"},"modified":"2019-12-06T16:39:07","modified_gmt":"2019-12-06T19:39:07","slug":"consulta-publica-lista-de-doencas-relacionadas-ao-trabalho","status":"publish","type":"post","link":"https:\/\/www.anamt.org.br\/portal\/2019\/12\/06\/consulta-publica-lista-de-doencas-relacionadas-ao-trabalho\/","title":{"rendered":"Consulta P\u00fablica: Lista de Doen\u00e7as Relacionadas ao Trabalho"},"content":{"rendered":"<p>O Minist\u00e9rio da Sa\u00fade publicou no Di\u00e1rio Oficial da Uni\u00e3o o Aviso de Consulta P\u00fablica n\u00ba 3, sobre Atualiza\u00e7\u00e3o da Lista de Doen\u00e7as Relacionadas ao Trabalho (LDRT). A primeira Lista foi publicada inicialmente na Portaria n\u00ba 1.339\/199 e consta hoje na Portaria da Consolida\u00e7\u00e3o n\u00ba 5\/2017.<\/p>\n<p>A LDRT \u00e9 voltada para o uso cl\u00ednico e epidemiol\u00f3gico, na perspectiva de qualificar a aten\u00e7\u00e3o integral \u00e0 sa\u00fade dos trabalhadores. Ao estudar a rela\u00e7\u00e3o doen\u00e7a e trabalho, ocorre o aprimoramento dos diagn\u00f3sticos e da elabora\u00e7\u00e3o do projeto terap\u00eautico, assim como apoio da implementa\u00e7\u00e3o de a\u00e7\u00f5es de vigil\u00e2ncia e promo\u00e7\u00e3o da sa\u00fade em n\u00edvel individual e coletivo.<\/p>\n<p>A consulta p\u00fablica dura 60 dias, a partir da data de publica\u00e7\u00e3o. Para contribuir com a consulta, acesse o FormSUS pelo link <a href=\"http:\/\/formsus.datasus.gov.br\/site\/formulario.php?id_aplicacao=52027\" target=\"_blank\" rel=\"noopener\">http:\/\/formsus.datasus.gov.br\/site\/formulario.php?id_aplicacao=52027<\/a> .<\/p>\n","protected":false},"excerpt":{"rendered":"<p>O Minist\u00e9rio da Sa\u00fade publicou no Di\u00e1rio Oficial da Uni\u00e3o o Aviso de Consulta P\u00fablica n\u00ba 3, sobre Atualiza\u00e7\u00e3o da Lista de Doen\u00e7as Relacionadas ao Trabalho (LDRT). A primeira Lista foi publicada inicialmente na Portaria n\u00ba 1.339\/199 e consta hoje na Portaria da Consolida\u00e7\u00e3o n\u00ba 5\/2017. A LDRT \u00e9 voltada para o uso cl\u00ednico e [&hellip;]<\/p>\n","protected":false},"author":1,"featured_media":39010,"comment_status":"closed","ping_status":"closed","sticky":false,"template":"","format":"standard","meta":{"footnotes":""},"categories":[79],"tags":[],"_links":{"self":[{"href":"https:\/\/www.anamt.org.br\/portal\/wp-json\/wp\/v2\/posts\/39365"}],"collection":[{"href":"https:\/\/www.anamt.org.br\/portal\/wp-json\/wp\/v2\/posts"}],"about":[{"href":"https:\/\/www.anamt.org.br\/portal\/wp-json\/wp\/v2\/types\/post"}],"author":[{"embeddable":true,"href":"https:\/\/www.anamt.org.br\/portal\/wp-json\/wp\/v2\/users\/1"}],"replies":[{"embeddable":true,"href":"https:\/\/www.anamt.org.br\/portal\/wp-json\/wp\/v2\/comments?post=39365"}],"version-history":[{"count":0,"href":"https:\/\/www.anamt.org.br\/portal\/wp-json\/wp\/v2\/posts\/39365\/revisions"}],"wp:featuredmedia":[{"embeddable":true,"href":"https:\/\/www.anamt.org.br\/portal\/wp-json\/wp\/v2\/media\/39010"}],"wp:attachment":[{"href":"https:\/\/www.anamt.org.br\/portal\/wp-json\/wp\/v2\/media?parent=39365"}],"wp:term":[{"taxonomy":"category","embeddable":true,"href":"https:\/\/www.anamt.org.br\/portal\/wp-json\/wp\/v2\/categories?post=39365"},{"taxonomy":"post_tag","embeddable":true,"href":"https:\/\/www.anamt.org.br\/portal\/wp-json\/wp\/v2\/tags?post=39365"}],"curies":[{"name":"wp","href":"https:\/\/api.w.org\/{rel}","templated":true}]}}