{"id":39361,"date":"2019-12-05T11:17:33","date_gmt":"2019-12-05T14:17:33","guid":{"rendered":"https:\/\/www.anamt.org.br\/portal\/?p=39361"},"modified":"2019-12-05T11:17:33","modified_gmt":"2019-12-05T14:17:33","slug":"anamt-participa-de-audiencia-publica-sobre-nr15-na-fundacentro","status":"publish","type":"post","link":"https:\/\/www.anamt.org.br\/portal\/2019\/12\/05\/anamt-participa-de-audiencia-publica-sobre-nr15-na-fundacentro\/","title":{"rendered":"ANAMT participa de audi\u00eancia p\u00fablica sobre NR15 na Fundacentro"},"content":{"rendered":"<p><img decoding=\"async\" class=\"aligncenter size-full wp-image-39362\" src=\"https:\/\/www.anamt.org.br\/portal\/wp-content\/uploads\/2019\/12\/anamt_NR17_fundacentro-650.jpg\" alt=\"\" width=\"650\" height=\"487\" srcset=\"https:\/\/www.anamt.org.br\/portal\/wp-content\/uploads\/2019\/12\/anamt_NR17_fundacentro-650-200x150.jpg 200w, https:\/\/www.anamt.org.br\/portal\/wp-content\/uploads\/2019\/12\/anamt_NR17_fundacentro-650-300x225.jpg 300w, https:\/\/www.anamt.org.br\/portal\/wp-content\/uploads\/2019\/12\/anamt_NR17_fundacentro-650-400x300.jpg 400w, https:\/\/www.anamt.org.br\/portal\/wp-content\/uploads\/2019\/12\/anamt_NR17_fundacentro-650-600x450.jpg 600w, https:\/\/www.anamt.org.br\/portal\/wp-content\/uploads\/2019\/12\/anamt_NR17_fundacentro-650.jpg 650w\" sizes=\"(max-width: 650px) 100vw, 650px\" \/><\/p>\n<p>O \u201cSemin\u00e1rio Anexo 14 da NR 15 &#8211; Agentes Biol\u00f3gicos\u201d reuniu, em 2 de dezembro, especialistas e pesquisadores na Fundacentro, em S\u00e3o Paulo (SP), para debater o tratamento de agentes biol\u00f3gicos pela legisla\u00e7\u00e3o atual. A programa\u00e7\u00e3o contou com a participa\u00e7\u00e3o do diretor cient\u00edfico da ANAMT, Dr. Francisco Cortes Fernandes.<\/p>\n<p>O objetivo do evento foi apresentar e discutir o estudo t\u00e9cnico sobre esse tema elaborado pela institui\u00e7\u00e3o, disponibilizado para <a href=\"http:\/\/participa.br\/consulta-publica-estudo-sobre-agentes-biologicos\/estudo-tecnico-anexo-14-da-norma-regulamentadora-no-15-agentes-biologicos\" target=\"_blank\" rel=\"noopener\">consulta p\u00fablica no site Participa.br<\/a>, de 19\/11 a 18\/12. O documento, elaborado pela pesquisadora da Fundacentro, Erica Lui Reinhardt, traz uma an\u00e1lise cr\u00edtica do tratamento dos agentes biol\u00f3gicos pela legisla\u00e7\u00e3o atual e prop\u00f5e mudan\u00e7as para adequ\u00e1-lo. Com a consulta p\u00fablica, pretende-se obter contribui\u00e7\u00f5es da comunidade cient\u00edfica e da sociedade para o estudo e futuro processo de revis\u00e3o das normas regulamentadoras e legisla\u00e7\u00e3o em geral nesse tema.<\/p>\n<p>A pesquisadora apresentou o estudo t\u00e9cnico logo ap\u00f3s a abertura realizada pelo presidente da Fundacentro, Felipe Portela. Em seguida, houve discuss\u00f5es sob as perspectivas da medicina do trabalho, da sa\u00fade do trabalhador, do controle de infec\u00e7\u00e3o hospitalar e jur\u00eddica.<\/p>\n","protected":false},"excerpt":{"rendered":"<p>O \u201cSemin\u00e1rio Anexo 14 da NR 15 &#8211; Agentes Biol\u00f3gicos\u201d reuniu, em 2 de dezembro, especialistas e pesquisadores na Fundacentro, em S\u00e3o Paulo (SP), para debater o tratamento de agentes biol\u00f3gicos pela legisla\u00e7\u00e3o atual. A programa\u00e7\u00e3o contou com a participa\u00e7\u00e3o do diretor cient\u00edfico da ANAMT, Dr. Francisco Cortes Fernandes. O objetivo do evento foi apresentar [&hellip;]<\/p>\n","protected":false},"author":1,"featured_media":39363,"comment_status":"closed","ping_status":"closed","sticky":false,"template":"","format":"standard","meta":{"footnotes":""},"categories":[79],"tags":[],"_links":{"self":[{"href":"https:\/\/www.anamt.org.br\/portal\/wp-json\/wp\/v2\/posts\/39361"}],"collection":[{"href":"https:\/\/www.anamt.org.br\/portal\/wp-json\/wp\/v2\/posts"}],"about":[{"href":"https:\/\/www.anamt.org.br\/portal\/wp-json\/wp\/v2\/types\/post"}],"author":[{"embeddable":true,"href":"https:\/\/www.anamt.org.br\/portal\/wp-json\/wp\/v2\/users\/1"}],"replies":[{"embeddable":true,"href":"https:\/\/www.anamt.org.br\/portal\/wp-json\/wp\/v2\/comments?post=39361"}],"version-history":[{"count":0,"href":"https:\/\/www.anamt.org.br\/portal\/wp-json\/wp\/v2\/posts\/39361\/revisions"}],"wp:featuredmedia":[{"embeddable":true,"href":"https:\/\/www.anamt.org.br\/portal\/wp-json\/wp\/v2\/media\/39363"}],"wp:attachment":[{"href":"https:\/\/www.anamt.org.br\/portal\/wp-json\/wp\/v2\/media?parent=39361"}],"wp:term":[{"taxonomy":"category","embeddable":true,"href":"https:\/\/www.anamt.org.br\/portal\/wp-json\/wp\/v2\/categories?post=39361"},{"taxonomy":"post_tag","embeddable":true,"href":"https:\/\/www.anamt.org.br\/portal\/wp-json\/wp\/v2\/tags?post=39361"}],"curies":[{"name":"wp","href":"https:\/\/api.w.org\/{rel}","templated":true}]}}