{"id":39359,"date":"2019-12-04T15:43:28","date_gmt":"2019-12-04T18:43:28","guid":{"rendered":"https:\/\/www.anamt.org.br\/portal\/?p=39359"},"modified":"2019-12-04T15:43:28","modified_gmt":"2019-12-04T18:43:28","slug":"ministerio-da-economia-entram-em-consulta-publica-as-nrs-no-29-e-32","status":"publish","type":"post","link":"https:\/\/www.anamt.org.br\/portal\/2019\/12\/04\/ministerio-da-economia-entram-em-consulta-publica-as-nrs-no-29-e-32\/","title":{"rendered":"Minist\u00e9rio da Economia: entram em consulta p\u00fablica as NRs n\u00ba 29 e 32"},"content":{"rendered":"<p>Est\u00e1 dispon\u00edvel para consulta p\u00fablica a proposta de revis\u00e3o das Normas Regulamentadoras <a href=\"http:\/\/www.in.gov.br\/en\/web\/dou\/-\/aviso-de-consulta-publica-n-11\/2019-231039128\">n\u00ba 29 (Seguran\u00e7a e Sa\u00fade no Trabalho Portu\u00e1rio)<\/a> e <a href=\"http:\/\/www.in.gov.br\/web\/dou\/-\/aviso-de-consulta-publica-n-10\/2019-231039103\">n\u00ba 32 (Seguran\u00e7a e Sa\u00fade no Trabalho em Servi\u00e7os de Sa\u00fade)<\/a>. O aviso de consulta p\u00fablica foi publicado hoje, dia 3 de dezembro, no Di\u00e1rio Oficial da Uni\u00e3o, pelo Minist\u00e9rio da Economia, por meio da Secretaria Especial de Previd\u00eancia e Trabalho.<\/p>\n<p>A consulta dos textos pode ser realizada no site <a href=\"http:\/\/participa.br\/secretaria-de-trabalho\">http:\/\/participa.br\/secretaria-de-trabalho<\/a>. As contribui\u00e7\u00f5es dever\u00e3o ser realizadas diretamente no documento eletr\u00f4nico dispon\u00edvel no endere\u00e7o acima indicado at\u00e9 o dia 16 de janeiro de 2020. Expirado o prazo fixado, as sugest\u00f5es ser\u00e3o analisadas pela Secretaria de Trabalho, que elaborar\u00e1 a proposta de texto a ser encaminhada a grupo tripartite, formado por representantes do governo, de trabalhadores e empregadores, para discuss\u00e3o e aprova\u00e7\u00e3o. Ap\u00f3s, o grupo tripartite encaminhar\u00e1 a proposta de texto final a ser discutida e aprovada no \u00e2mbito da Comiss\u00e3o Tripartite Parit\u00e1ria Permanente &#8211; CTPP.<\/p>\n<p>D\u00favidas a respeito da utiliza\u00e7\u00e3o da plataforma poder\u00e3o ser encaminhadas para o e-mail normatizacao.sit@mte.gov.br. Lembrando que as sugest\u00f5es encaminhadas por correio eletr\u00f4nico n\u00e3o ser\u00e3o consideradas.<\/p>\n<h3>Portaria<\/h3>\n<p>Tamb\u00e9m foi publicado hoje, dia 3, no Di\u00e1rio Oficial da Uni\u00e3o, a <a href=\"http:\/\/www.in.gov.br\/en\/web\/dou\/-\/portaria-n-1.343-de-2-de-dezembro-de-2019-231009615\">Portaria n\u00ba 1.343, de 2 de dezembro de 2019<\/a>, que estabelece as condi\u00e7\u00f5es m\u00ednimas de seguran\u00e7a, sanit\u00e1rias e de conforto nos locais de espera, de repouso e de descanso dos motoristas profissionais de transporte rodovi\u00e1rio de passageiros e de cargas.<\/p>\n<p>Entre os destaques da Portaria, est\u00e3o as informa\u00e7\u00f5es sobre as instala\u00e7\u00f5es sanit\u00e1rias, os compartimentos destinados aos chuveiros, os ambientes para refei\u00e7\u00f5es, os locais de espera, de repouso e de descanso, entre outros. Com esta publica\u00e7\u00e3o, revoga-se a Portaria MTE n\u00ba 944, de 08 de julho de 2015.<\/p>\n<p><em>(Fonte: Revista Prote\u00e7\u00e3o)<\/em><\/p>\n","protected":false},"excerpt":{"rendered":"<p>Est\u00e1 dispon\u00edvel para consulta p\u00fablica a proposta de revis\u00e3o das Normas Regulamentadoras n\u00ba 29 (Seguran\u00e7a e Sa\u00fade no Trabalho Portu\u00e1rio) e n\u00ba 32 (Seguran\u00e7a e Sa\u00fade no Trabalho em Servi\u00e7os de Sa\u00fade). O aviso de consulta p\u00fablica foi publicado hoje, dia 3 de dezembro, no Di\u00e1rio Oficial da Uni\u00e3o, pelo Minist\u00e9rio da Economia, por meio [&hellip;]<\/p>\n","protected":false},"author":1,"featured_media":36854,"comment_status":"closed","ping_status":"closed","sticky":false,"template":"","format":"standard","meta":{"footnotes":""},"categories":[79],"tags":[],"_links":{"self":[{"href":"https:\/\/www.anamt.org.br\/portal\/wp-json\/wp\/v2\/posts\/39359"}],"collection":[{"href":"https:\/\/www.anamt.org.br\/portal\/wp-json\/wp\/v2\/posts"}],"about":[{"href":"https:\/\/www.anamt.org.br\/portal\/wp-json\/wp\/v2\/types\/post"}],"author":[{"embeddable":true,"href":"https:\/\/www.anamt.org.br\/portal\/wp-json\/wp\/v2\/users\/1"}],"replies":[{"embeddable":true,"href":"https:\/\/www.anamt.org.br\/portal\/wp-json\/wp\/v2\/comments?post=39359"}],"version-history":[{"count":0,"href":"https:\/\/www.anamt.org.br\/portal\/wp-json\/wp\/v2\/posts\/39359\/revisions"}],"wp:featuredmedia":[{"embeddable":true,"href":"https:\/\/www.anamt.org.br\/portal\/wp-json\/wp\/v2\/media\/36854"}],"wp:attachment":[{"href":"https:\/\/www.anamt.org.br\/portal\/wp-json\/wp\/v2\/media?parent=39359"}],"wp:term":[{"taxonomy":"category","embeddable":true,"href":"https:\/\/www.anamt.org.br\/portal\/wp-json\/wp\/v2\/categories?post=39359"},{"taxonomy":"post_tag","embeddable":true,"href":"https:\/\/www.anamt.org.br\/portal\/wp-json\/wp\/v2\/tags?post=39359"}],"curies":[{"name":"wp","href":"https:\/\/api.w.org\/{rel}","templated":true}]}}