{"id":39340,"date":"2019-12-02T16:18:05","date_gmt":"2019-12-02T19:18:05","guid":{"rendered":"https:\/\/www.anamt.org.br\/portal\/?p=39340"},"modified":"2019-12-02T16:37:31","modified_gmt":"2019-12-02T19:37:31","slug":"secretaria-do-trabalho-publica-comunicado-sobre-emissao-do-ca","status":"publish","type":"post","link":"https:\/\/www.anamt.org.br\/portal\/2019\/12\/02\/secretaria-do-trabalho-publica-comunicado-sobre-emissao-do-ca\/","title":{"rendered":"EPI: Secretaria do Trabalho publica comunicado sobre emiss\u00e3o do CA"},"content":{"rendered":"<p>A STRAB (Secretaria do Trabalho), por meio da SIT (Secretaria de Inspe\u00e7\u00e3o do Trabalho) e CGSST (Coordenadoria Geral de Seguran\u00e7a e Sa\u00fade no Trabalho), publicou na sexta-feira, dia 29, um comunicado sobre o Certificado de Aprova\u00e7\u00e3o do Equipamento de Prote\u00e7\u00e3o Individual. De acordo com o documento, devido \u00e0 altera\u00e7\u00e3o publicada na Medida Provis\u00f3ria 905, de 11 de novembro de 2019, que deu uma nova reda\u00e7\u00e3o ao artigo 167 da CLT (Consolida\u00e7\u00e3o das Leis do Trabalho), excluindo a previs\u00e3o de emiss\u00e3o de Certifica\u00e7\u00e3o de Aprova\u00e7\u00e3o como condi\u00e7\u00e3o para a comercializa\u00e7\u00e3o de EPI no territ\u00f3rio nacional, a SETRAB informa que o Minist\u00e9rio da Economia n\u00e3o emitir\u00e1 mais o CA dos equipamentos.<\/p>\n<p>Ainda de acordo com o comunicado, destaca-se que, conforme previsto na nova reda\u00e7\u00e3o do artigo 167 da CLT, a SEPRT (Secretaria Especial de Previd\u00eancia do Trabalho) publicar\u00e1 ato para disciplinar os crit\u00e9rios de avalia\u00e7\u00e3o de EPI, o qual abordar\u00e1 aspectos como:<\/p>\n<p>&#8211; Crit\u00e9rios para avalia\u00e7\u00e3o de EPI nos termos da Portaria SIT n\u00ba 452\/2014, inclusive, para os equipamentos que n\u00e3o possuem certificado de conformidade ou relat\u00f3rio de ensaio;<\/p>\n<p>&#8211; Crit\u00e9rios de aceitabilidade de relat\u00f3rios de ensaios emitidos por laborat\u00f3rios ainda n\u00e3o acreditados pelo INMETRO (Instituto Nacional de Metrologia, Qualidade e Tecnologia);<\/p>\n<p>&#8211; Crit\u00e9rios de aceitabilidade de relat\u00f3rios de ensaio e certificados de conformidade emitidos no exterior nos termos da Portaria SIT n\u00ba 452\/2014;<\/p>\n<p>&#8211; Marca\u00e7\u00e3o no EPI: nome do fabricante\/importador, lote de fabrica\u00e7\u00e3o e n\u00famero do documento de avalia\u00e7\u00e3o. Para equipamentos que possuem CA v\u00e1lido: marca\u00e7\u00e3o do n\u00famero do CA ou marca\u00e7\u00e3o do n\u00famero do documento de avalia\u00e7\u00e3o correspondente. Para equipamentos que n\u00e3o possuem CA v\u00e1lido: marca\u00e7\u00e3o do n\u00famero do documento de avalia\u00e7\u00e3o correspondente;<\/p>\n<p>&#8211; Fiscaliza\u00e7\u00e3o do EPI;<\/p>\n<p>&#8211; Reconhecimento da avalia\u00e7\u00e3o j\u00e1 realizada para o EPI que possua CA v\u00e1lido, enquanto durar a validade do CA;<\/p>\n<p>&#8211; Previs\u00e3o de efeitos retroativos do ato da SEPRT \u00e0 data de publica\u00e7\u00e3o da MP 905\/2019.<\/p>\n<p><em>(Fonte: Revista Prote\u00e7\u00e3o)<\/em><\/p>\n","protected":false},"excerpt":{"rendered":"<p>A STRAB (Secretaria do Trabalho), por meio da SIT (Secretaria de Inspe\u00e7\u00e3o do Trabalho) e CGSST (Coordenadoria Geral de Seguran\u00e7a e Sa\u00fade no Trabalho), publicou na sexta-feira, dia 29, um comunicado sobre o Certificado de Aprova\u00e7\u00e3o do Equipamento de Prote\u00e7\u00e3o Individual. De acordo com o documento, devido \u00e0 altera\u00e7\u00e3o publicada na Medida Provis\u00f3ria 905, de [&hellip;]<\/p>\n","protected":false},"author":1,"featured_media":33512,"comment_status":"closed","ping_status":"closed","sticky":false,"template":"","format":"standard","meta":{"footnotes":""},"categories":[79],"tags":[],"_links":{"self":[{"href":"https:\/\/www.anamt.org.br\/portal\/wp-json\/wp\/v2\/posts\/39340"}],"collection":[{"href":"https:\/\/www.anamt.org.br\/portal\/wp-json\/wp\/v2\/posts"}],"about":[{"href":"https:\/\/www.anamt.org.br\/portal\/wp-json\/wp\/v2\/types\/post"}],"author":[{"embeddable":true,"href":"https:\/\/www.anamt.org.br\/portal\/wp-json\/wp\/v2\/users\/1"}],"replies":[{"embeddable":true,"href":"https:\/\/www.anamt.org.br\/portal\/wp-json\/wp\/v2\/comments?post=39340"}],"version-history":[{"count":0,"href":"https:\/\/www.anamt.org.br\/portal\/wp-json\/wp\/v2\/posts\/39340\/revisions"}],"wp:featuredmedia":[{"embeddable":true,"href":"https:\/\/www.anamt.org.br\/portal\/wp-json\/wp\/v2\/media\/33512"}],"wp:attachment":[{"href":"https:\/\/www.anamt.org.br\/portal\/wp-json\/wp\/v2\/media?parent=39340"}],"wp:term":[{"taxonomy":"category","embeddable":true,"href":"https:\/\/www.anamt.org.br\/portal\/wp-json\/wp\/v2\/categories?post=39340"},{"taxonomy":"post_tag","embeddable":true,"href":"https:\/\/www.anamt.org.br\/portal\/wp-json\/wp\/v2\/tags?post=39340"}],"curies":[{"name":"wp","href":"https:\/\/api.w.org\/{rel}","templated":true}]}}