{"id":39331,"date":"2019-11-29T10:44:16","date_gmt":"2019-11-29T13:44:16","guid":{"rendered":"https:\/\/www.anamt.org.br\/portal\/?p=39331"},"modified":"2019-11-29T10:44:16","modified_gmt":"2019-11-29T13:44:16","slug":"publicada-nota-tecnica-nt-16-2019-do-esocial-em-funcao-da-mp-905","status":"publish","type":"post","link":"https:\/\/www.anamt.org.br\/portal\/2019\/11\/29\/publicada-nota-tecnica-nt-16-2019-do-esocial-em-funcao-da-mp-905\/","title":{"rendered":"Publicada Nota T\u00e9cnica-NT 16\/2019 do eSocial em fun\u00e7\u00e3o da MP 905"},"content":{"rendered":"<p>A Medida Provis\u00f3ria 905, publicada em 11 de novembro de 2019, criou o contrato de trabalho Verde e Amarelo e alterou outros dispositivos da Consolida\u00e7\u00e3o das Leis do Trabalho e de outras legisla\u00e7\u00f5es especiais.<\/p>\n<p>O eSocial deve passar por ajustes para adequar-se \u00e0s novas regras. A NT 16\/2019, publicada no dia de hoje, visa atualizar o sistema \u00e0 nova legisla\u00e7\u00e3o e ser\u00e1 implantada em 1\u00ba de janeiro de 2020, data de in\u00edcio de vig\u00eancia da nova modalidade de contrato de trabalho criada.<\/p>\n<p>Quanto \u00e0s altera\u00e7\u00f5es promovidas pela Emenda Constitucional 103, promulgada em 12 de novembro de 2019, estas ser\u00e3o tratadas em documento de atualiza\u00e7\u00e3o espec\u00edfico, visto que passam a valer apenas a partir da compet\u00eancia de mar\u00e7o de 2020.<\/p>\n<p><em>(Fonte: Portal do eSocial)<\/em><\/p>\n","protected":false},"excerpt":{"rendered":"<p>A Medida Provis\u00f3ria 905, publicada em 11 de novembro de 2019, criou o contrato de trabalho Verde e Amarelo e alterou outros dispositivos da Consolida\u00e7\u00e3o das Leis do Trabalho e de outras legisla\u00e7\u00f5es especiais. O eSocial deve passar por ajustes para adequar-se \u00e0s novas regras. A NT 16\/2019, publicada no dia de hoje, visa atualizar [&hellip;]<\/p>\n","protected":false},"author":1,"featured_media":36457,"comment_status":"closed","ping_status":"closed","sticky":false,"template":"","format":"standard","meta":{"footnotes":""},"categories":[79],"tags":[],"_links":{"self":[{"href":"https:\/\/www.anamt.org.br\/portal\/wp-json\/wp\/v2\/posts\/39331"}],"collection":[{"href":"https:\/\/www.anamt.org.br\/portal\/wp-json\/wp\/v2\/posts"}],"about":[{"href":"https:\/\/www.anamt.org.br\/portal\/wp-json\/wp\/v2\/types\/post"}],"author":[{"embeddable":true,"href":"https:\/\/www.anamt.org.br\/portal\/wp-json\/wp\/v2\/users\/1"}],"replies":[{"embeddable":true,"href":"https:\/\/www.anamt.org.br\/portal\/wp-json\/wp\/v2\/comments?post=39331"}],"version-history":[{"count":0,"href":"https:\/\/www.anamt.org.br\/portal\/wp-json\/wp\/v2\/posts\/39331\/revisions"}],"wp:featuredmedia":[{"embeddable":true,"href":"https:\/\/www.anamt.org.br\/portal\/wp-json\/wp\/v2\/media\/36457"}],"wp:attachment":[{"href":"https:\/\/www.anamt.org.br\/portal\/wp-json\/wp\/v2\/media?parent=39331"}],"wp:term":[{"taxonomy":"category","embeddable":true,"href":"https:\/\/www.anamt.org.br\/portal\/wp-json\/wp\/v2\/categories?post=39331"},{"taxonomy":"post_tag","embeddable":true,"href":"https:\/\/www.anamt.org.br\/portal\/wp-json\/wp\/v2\/tags?post=39331"}],"curies":[{"name":"wp","href":"https:\/\/api.w.org\/{rel}","templated":true}]}}