{"id":39294,"date":"2019-11-25T15:52:42","date_gmt":"2019-11-25T18:52:42","guid":{"rendered":"https:\/\/www.anamt.org.br\/portal\/?p=39294"},"modified":"2022-09-04T17:29:25","modified_gmt":"2022-09-04T20:29:25","slug":"anamt-estreia-novo-podcast-com-edicao-sobre-insalubridade","status":"publish","type":"post","link":"https:\/\/www.anamt.org.br\/portal\/2019\/11\/25\/anamt-estreia-novo-podcast-com-edicao-sobre-insalubridade\/","title":{"rendered":"ANAMT estreia novo podcast com edi\u00e7\u00e3o sobre insalubridade"},"content":{"rendered":"<p><img decoding=\"async\" class=\"alignleft wp-image-39298 size-full\" src=\"https:\/\/www.anamt.org.br\/portal\/wp-content\/uploads\/2019\/11\/PODCAST_ANAMT_01-e1574708209735.jpeg\" alt=\"\" width=\"250\" height=\"250\" \/>A ANAMT est\u00e1 de olhos e ouvidos atentos \u00e0s demandas dos associados e, pensando em aliar atualiza\u00e7\u00e3o profissional com a praticidade da tecnologia, est\u00e1 lan\u00e7ando um novo produto de comunica\u00e7\u00e3o: um podcast. A iniciativa \u00e9 uma parceria entre as diretorias de Divulga\u00e7\u00e3o e Cient\u00edfica.<\/p>\n<p>Para a estreia, a ANAMT realizou um resumo das principais considera\u00e7\u00f5es a respeito do texto referente a <a href=\"https:\/\/www.anamt.org.br\/portal\/2019\/11\/18\/fundacentro-coloca-em-consulta-publica-documento-sobre-agentes-biologicos\/\">insalubridade por agentes biol\u00f3gicos colocado em consulta p\u00fablica pela Fundacentro<\/a> no dia 19 de novembro. O objetivo \u00e9 facilitar o conhecimento, visando incentivar as contribui\u00e7\u00f5es dos colegas em rela\u00e7\u00e3o ao tema, remetendo posteriormente a leitura integral do mesmo.<\/p>\n<p><a href=\"https:\/\/www.anamt.org.br\/portal\/painel-do-associado\/podcast-anamt\/\">Ou\u00e7a o programa na \u00e1rea de acesso restrito para associados.<\/a><\/p>\n","protected":false},"excerpt":{"rendered":"<p>A ANAMT est\u00e1 de olhos e ouvidos atentos \u00e0s demandas dos associados e, pensando em aliar atualiza\u00e7\u00e3o profissional com a praticidade da tecnologia, est\u00e1 lan\u00e7ando um novo produto de comunica\u00e7\u00e3o: um podcast. A iniciativa \u00e9 uma parceria entre as diretorias de Divulga\u00e7\u00e3o e Cient\u00edfica. Para a estreia, a ANAMT realizou um resumo das principais considera\u00e7\u00f5es [&hellip;]<\/p>\n","protected":false},"author":1,"featured_media":39288,"comment_status":"closed","ping_status":"closed","sticky":false,"template":"","format":"standard","meta":{"footnotes":""},"categories":[77,242],"tags":[],"_links":{"self":[{"href":"https:\/\/www.anamt.org.br\/portal\/wp-json\/wp\/v2\/posts\/39294"}],"collection":[{"href":"https:\/\/www.anamt.org.br\/portal\/wp-json\/wp\/v2\/posts"}],"about":[{"href":"https:\/\/www.anamt.org.br\/portal\/wp-json\/wp\/v2\/types\/post"}],"author":[{"embeddable":true,"href":"https:\/\/www.anamt.org.br\/portal\/wp-json\/wp\/v2\/users\/1"}],"replies":[{"embeddable":true,"href":"https:\/\/www.anamt.org.br\/portal\/wp-json\/wp\/v2\/comments?post=39294"}],"version-history":[{"count":1,"href":"https:\/\/www.anamt.org.br\/portal\/wp-json\/wp\/v2\/posts\/39294\/revisions"}],"predecessor-version":[{"id":45567,"href":"https:\/\/www.anamt.org.br\/portal\/wp-json\/wp\/v2\/posts\/39294\/revisions\/45567"}],"wp:featuredmedia":[{"embeddable":true,"href":"https:\/\/www.anamt.org.br\/portal\/wp-json\/wp\/v2\/media\/39288"}],"wp:attachment":[{"href":"https:\/\/www.anamt.org.br\/portal\/wp-json\/wp\/v2\/media?parent=39294"}],"wp:term":[{"taxonomy":"category","embeddable":true,"href":"https:\/\/www.anamt.org.br\/portal\/wp-json\/wp\/v2\/categories?post=39294"},{"taxonomy":"post_tag","embeddable":true,"href":"https:\/\/www.anamt.org.br\/portal\/wp-json\/wp\/v2\/tags?post=39294"}],"curies":[{"name":"wp","href":"https:\/\/api.w.org\/{rel}","templated":true}]}}