{"id":39281,"date":"2019-11-21T13:35:46","date_gmt":"2019-11-21T16:35:46","guid":{"rendered":"https:\/\/www.anamt.org.br\/portal\/?p=39281"},"modified":"2019-11-21T13:35:46","modified_gmt":"2019-11-21T16:35:46","slug":"emissao-de-atestado-de-saude-ocupacional-e-restrita-a-examinador","status":"publish","type":"post","link":"https:\/\/www.anamt.org.br\/portal\/2019\/11\/21\/emissao-de-atestado-de-saude-ocupacional-e-restrita-a-examinador\/","title":{"rendered":"Emiss\u00e3o de atestado de sa\u00fade ocupacional \u00e9 restrita a examinador"},"content":{"rendered":"<p>\u00c9 vedado ao m\u00e9dico emitir atestado de sa\u00fade ocupacional (ASO) sem que realize diretamente o exame cl\u00ednico ocupacional no trabalhador, na mesma consulta na qual o emitir\u00e1. \u00c9 o que afirma o <strong><a href=\"https:\/\/sistemas.cfm.org.br\/normas\/visualizar\/pareceres\/BR\/2019\/18\" target=\"_parent\">Parecer n\u00ba 18\/19<\/a><\/strong> do Conselho Federal de Medicina (CFM).<\/p>\n<p>Relatora da norma, a conselheira federal pelo Distrito Federal e presidente da ANAMT, Dra. Rosylane Rocha, afirma que &#8220;n\u00e3o resta d\u00favida e n\u00e3o h\u00e1 que se criar interpreta\u00e7\u00e3o diversa e intencional. A <a href=\"https:\/\/sistemas.cfm.org.br\/normas\/visualizar\/resolucoes\/BR\/2002\/1658\" target=\"_parent\"><strong>Resolu\u00e7\u00e3o CFM n\u00ba 1.658\/02<\/strong><\/a> normatizou a emiss\u00e3o de atestados m\u00e9dicos, e o atestado de sa\u00fade ocupacional, ainda que re\u00fana algumas especificidades quanto ao seu formato e conte\u00fado, tamb\u00e9m deve seguir o referido normativo&#8221;.<\/p>\n<p>O parecer, que responde a consulta feita ao CFM por m\u00e9dica examinadora em cl\u00ednicas terceirizadas de medicina do trabalho, por ter sido solicitada a emitir o ASO de funcion\u00e1rios examinados por outro m\u00e9dico, refor\u00e7a que os dados obtidos nos exames m\u00e9dicos, incluindo avalia\u00e7\u00e3o cl\u00ednica e exames complementares, conclus\u00f5es e medidas aplicadas, dever\u00e3o ser registrados em prontu\u00e1rio cl\u00ednico individual pelo m\u00e9dico que atendeu o trabalhador.<\/p>\n<p>&#8220;Trata-se de prontu\u00e1rio m\u00e9dico-ocupacional, que car\u00e1 sob responsabilidade do m\u00e9dico-coordenador do Programa de Controle M\u00e9dico de Sa\u00fade Ocupacional&#8221;, afirma o relat\u00f3rio. A conselheira federal destaca ainda que, &#8220;considerando que \u00e9 vedado ao m\u00e9dico atestar sem o exame direto do paciente e que o profissional que faltar com a verdade nos atos m\u00e9dicos atestados, causando preju\u00edzos \u00e0s empresas, ao governo ou a terceiros, est\u00e1 sujeito \u00e0s penas da lei, resta evidente que, antes de emitir o ASO, o m\u00e9dico obrigatoriamente dever\u00e1, ele pr\u00f3prio, realizar o exame&#8221;.<\/p>\n<p><em>(Fonte: CFM)<\/em><\/p>\n","protected":false},"excerpt":{"rendered":"<p>\u00c9 vedado ao m\u00e9dico emitir atestado de sa\u00fade ocupacional (ASO) sem que realize diretamente o exame cl\u00ednico ocupacional no trabalhador, na mesma consulta na qual o emitir\u00e1. \u00c9 o que afirma o Parecer n\u00ba 18\/19 do Conselho Federal de Medicina (CFM). Relatora da norma, a conselheira federal pelo Distrito Federal e presidente da ANAMT, Dra. [&hellip;]<\/p>\n","protected":false},"author":1,"featured_media":33189,"comment_status":"closed","ping_status":"closed","sticky":false,"template":"","format":"standard","meta":{"footnotes":""},"categories":[79],"tags":[],"_links":{"self":[{"href":"https:\/\/www.anamt.org.br\/portal\/wp-json\/wp\/v2\/posts\/39281"}],"collection":[{"href":"https:\/\/www.anamt.org.br\/portal\/wp-json\/wp\/v2\/posts"}],"about":[{"href":"https:\/\/www.anamt.org.br\/portal\/wp-json\/wp\/v2\/types\/post"}],"author":[{"embeddable":true,"href":"https:\/\/www.anamt.org.br\/portal\/wp-json\/wp\/v2\/users\/1"}],"replies":[{"embeddable":true,"href":"https:\/\/www.anamt.org.br\/portal\/wp-json\/wp\/v2\/comments?post=39281"}],"version-history":[{"count":0,"href":"https:\/\/www.anamt.org.br\/portal\/wp-json\/wp\/v2\/posts\/39281\/revisions"}],"wp:featuredmedia":[{"embeddable":true,"href":"https:\/\/www.anamt.org.br\/portal\/wp-json\/wp\/v2\/media\/33189"}],"wp:attachment":[{"href":"https:\/\/www.anamt.org.br\/portal\/wp-json\/wp\/v2\/media?parent=39281"}],"wp:term":[{"taxonomy":"category","embeddable":true,"href":"https:\/\/www.anamt.org.br\/portal\/wp-json\/wp\/v2\/categories?post=39281"},{"taxonomy":"post_tag","embeddable":true,"href":"https:\/\/www.anamt.org.br\/portal\/wp-json\/wp\/v2\/tags?post=39281"}],"curies":[{"name":"wp","href":"https:\/\/api.w.org\/{rel}","templated":true}]}}