{"id":39267,"date":"2019-11-18T16:12:40","date_gmt":"2019-11-18T19:12:40","guid":{"rendered":"https:\/\/www.anamt.org.br\/portal\/?p=39267"},"modified":"2019-11-18T16:13:00","modified_gmt":"2019-11-18T19:13:00","slug":"mp-905-ainda-altera-acidente-de-trajeto-e-auxilio-acidente","status":"publish","type":"post","link":"https:\/\/www.anamt.org.br\/portal\/2019\/11\/18\/mp-905-ainda-altera-acidente-de-trajeto-e-auxilio-acidente\/","title":{"rendered":"Publica\u00e7\u00e3o da MP 905 altera acidente de trajeto e aux\u00edlio-acidente"},"content":{"rendered":"<p>A <a href=\"http:\/\/www.planalto.gov.br\/ccivil_03\/_Ato2019-2022\/2019\/Mpv\/mpv905.htm\">Medida Provis\u00f3ria 905\/2019<\/a>, publicada em 12 de novembro de 2019, no Di\u00e1rio Oficial da Uni\u00e3o, ainda traz mais mudan\u00e7as na \u00e1rea prevencionista. O documento instituiu o Contrato de Trabalho Verde e Amarelo, altera a legisla\u00e7\u00e3o trabalhista e previdenci\u00e1ria, e d\u00e1 outras provid\u00eancias.<\/p>\n<p>Entre os t\u00f3picos publicados, a MP apresenta modifica\u00e7\u00f5es no aux\u00edlio-acidente, benef\u00edcio pago pelo INSS (Instituto Nacional do Seguro Social), a trabalhadores que ficarem com a capacidade reduzida ap\u00f3s um acidente de qualquer natureza, ligado ao trabalho ou n\u00e3o, podendo restringir tamb\u00e9m o acesso ao benef\u00edcio. Al\u00e9m disto, o documento prev\u00ea a cria\u00e7\u00e3o de uma lista de sequelas a serem consideradas para essa concess\u00e3o, assim como outras altera\u00e7\u00f5es.<\/p>\n<p>Outra mudan\u00e7a \u00e9 com rela\u00e7\u00e3o ao acidente de trajeto, revogando o art. 21, inciso IV, letra &#8220;d&#8221;, da Lei n\u00ba 8.213\/91, que equipara o acidente de trajeto sofrido pelo empregado ao acidente do trabalho t\u00edpico. Com a decis\u00e3o o acidente de trajeto n\u00e3o ser\u00e1 mais considerado como do trabalho e, portanto, enquanto a MP tiver validade as empresas n\u00e3o precisar\u00e3o emitir CAT.<\/p>\n<p>Ainda conforme j\u00e1 divulgado, a MP tamb\u00e9m traz altera\u00e7\u00f5es no art. 167 da CLT (Consolida\u00e7\u00e3o das Leis do Trabalho) sobre obrigatoriedade do Certificado de Aprova\u00e7\u00e3o dos Equipamentos de Prote\u00e7\u00e3o Individual. A MP tamb\u00e9m apresenta mudan\u00e7as nos procedimentos dos Auditores-Fiscais do Trabalho em suas atividades rotineiras de fiscaliza\u00e7\u00e3o como embargo e interdi\u00e7\u00e3o e com rela\u00e7\u00e3o \u00e0s duplas-visitas.<\/p>\n<p>Em vigor por 60 dias, podendo ser prorrogada uma vez por igual per\u00edodo, a MP ser\u00e1 analisada por comiss\u00e3o mista do Congresso. O relat\u00f3rio aprovado ser\u00e1 votado posteriormente pelos plen\u00e1rios da C\u00e2mara e Senado.<\/p>\n<p><em>(Fonte: Revista Prote\u00e7\u00e3o)<\/em><\/p>\n","protected":false},"excerpt":{"rendered":"<p>A Medida Provis\u00f3ria 905\/2019, publicada em 12 de novembro de 2019, no Di\u00e1rio Oficial da Uni\u00e3o, ainda traz mais mudan\u00e7as na \u00e1rea prevencionista. O documento instituiu o Contrato de Trabalho Verde e Amarelo, altera a legisla\u00e7\u00e3o trabalhista e previdenci\u00e1ria, e d\u00e1 outras provid\u00eancias. Entre os t\u00f3picos publicados, a MP apresenta modifica\u00e7\u00f5es no aux\u00edlio-acidente, benef\u00edcio pago [&hellip;]<\/p>\n","protected":false},"author":1,"featured_media":31643,"comment_status":"closed","ping_status":"closed","sticky":false,"template":"","format":"standard","meta":{"footnotes":""},"categories":[79],"tags":[],"_links":{"self":[{"href":"https:\/\/www.anamt.org.br\/portal\/wp-json\/wp\/v2\/posts\/39267"}],"collection":[{"href":"https:\/\/www.anamt.org.br\/portal\/wp-json\/wp\/v2\/posts"}],"about":[{"href":"https:\/\/www.anamt.org.br\/portal\/wp-json\/wp\/v2\/types\/post"}],"author":[{"embeddable":true,"href":"https:\/\/www.anamt.org.br\/portal\/wp-json\/wp\/v2\/users\/1"}],"replies":[{"embeddable":true,"href":"https:\/\/www.anamt.org.br\/portal\/wp-json\/wp\/v2\/comments?post=39267"}],"version-history":[{"count":0,"href":"https:\/\/www.anamt.org.br\/portal\/wp-json\/wp\/v2\/posts\/39267\/revisions"}],"wp:featuredmedia":[{"embeddable":true,"href":"https:\/\/www.anamt.org.br\/portal\/wp-json\/wp\/v2\/media\/31643"}],"wp:attachment":[{"href":"https:\/\/www.anamt.org.br\/portal\/wp-json\/wp\/v2\/media?parent=39267"}],"wp:term":[{"taxonomy":"category","embeddable":true,"href":"https:\/\/www.anamt.org.br\/portal\/wp-json\/wp\/v2\/categories?post=39267"},{"taxonomy":"post_tag","embeddable":true,"href":"https:\/\/www.anamt.org.br\/portal\/wp-json\/wp\/v2\/tags?post=39267"}],"curies":[{"name":"wp","href":"https:\/\/api.w.org\/{rel}","templated":true}]}}