{"id":39260,"date":"2019-11-13T11:23:30","date_gmt":"2019-11-13T14:23:30","guid":{"rendered":"https:\/\/www.anamt.org.br\/portal\/?p=39260"},"modified":"2019-11-13T11:23:30","modified_gmt":"2019-11-13T14:23:30","slug":"agricultura-e-saude-debatem-uso-de-agrotoxicos-e-trabalho-em-audiencia-publica","status":"publish","type":"post","link":"https:\/\/www.anamt.org.br\/portal\/2019\/11\/13\/agricultura-e-saude-debatem-uso-de-agrotoxicos-e-trabalho-em-audiencia-publica\/","title":{"rendered":"Agricultura e Sa\u00fade debatem uso de agrot\u00f3xicos e trabalho em audi\u00eancia p\u00fablica"},"content":{"rendered":"<p>Os ministros da Sa\u00fade, Luiz Henrique Mandetta, e da Agricultura, Pecu\u00e1ria e Abastecimento, Tereza Cristina, participaram, nesta quarta-feira (30\/11), de debate sobre a libera\u00e7\u00e3o de novos agrot\u00f3xicos, na C\u00e2mara dos Deputados. Na apresenta\u00e7\u00e3o, informaram que a legisla\u00e7\u00e3o atual garante seguran\u00e7a na aprova\u00e7\u00e3o dos produtos e \u00e9 compat\u00edvel com as regras dos pa\u00edses mais r\u00edgidos. O Brasil, ainda, exporta para mais de 130 pa\u00edses, onde \u00e9 avaliado em sua aplica\u00e7\u00e3o de defensivos agr\u00edcolas.<\/p>\n<p>Apesar de sua seguran\u00e7a, ser\u00e1 preciso avan\u00e7ar na orienta\u00e7\u00e3o e informa\u00e7\u00e3o aos pequenos agricultores. As intoxica\u00e7\u00f5es por agrot\u00f3xicos nos \u00faltimos 12 anos ocorreram em \u00e1rea rural, principalmente pela utiliza\u00e7\u00e3o inadequada desses produtos pelos trabalhadores na agricultura familiar para cultivo de alimentos como arroz, feij\u00e3o e hortali\u00e7as.<\/p>\n<p>\u201cO mau uso \u00e9 pano de fundo para intoxica\u00e7\u00f5es. Precisamos estimular que para manuseio desses produtos \u00e9 fundamental que o trabalhador passe por uma capacita\u00e7\u00e3o e o Congresso Nacional pode nos ajudar nesta discuss\u00e3o para aumentarmos a prote\u00e7\u00e3o dos trabalhadores de pequenas propriedades. Muitas vezes os pequenos agricultores utilizam esses produtos sem luva e m\u00e1scara e acabam se intoxicando\u201d, destacou o ministro da Sa\u00fade, Luiz Henrique Mandetta.<\/p>\n<p>O Minist\u00e9rio da Sa\u00fade monitora periodicamente a qualidade da \u00e1gua para consumo humano e a Ag\u00eancia Nacional de Vigil\u00e2ncia Sanit\u00e1ria (Anvisa), por sua vez, faz a verifica\u00e7\u00e3o sistem\u00e1tica dos limites de agrot\u00f3xicos nos alimentos.<\/p>\n<p>\u201cEu, minha mulher, meus filhos e netos consumimos diariamente os alimentos produzidos no Brasil dentro das regras brasileiras e estou muito seguro em rela\u00e7\u00e3o a elas\u201d, completou Luiz Henrique Mandetta em rela\u00e7\u00e3o a seguran\u00e7a do consumo desses alimentos.<\/p>\n<p>O Minist\u00e9rio da Sa\u00fade tamb\u00e9m realiza a\u00e7\u00f5es de promo\u00e7\u00e3o, prote\u00e7\u00e3o e vigil\u00e2ncia em sa\u00fade do trabalhador. Al\u00e9m disso, todos os estados contam com programa de vigil\u00e2ncia em sa\u00fade de popula\u00e7\u00f5es expostas a agrot\u00f3xicos, com todas as intoxica\u00e7\u00f5es investigadas e monitoradas. Em situa\u00e7\u00f5es de intoxica\u00e7\u00e3o por agrot\u00f3xicos, os profissionais de sa\u00fade t\u00eam \u00e0 disposi\u00e7\u00e3o orienta\u00e7\u00f5es, elaboradas pelo Minist\u00e9rio da Sa\u00fade, para atendimento dos pacientes.<\/p>\n<p><em>(Fonte: Minist\u00e9rio da Sa\u00fade)<\/em><\/p>\n","protected":false},"excerpt":{"rendered":"<p>Os ministros da Sa\u00fade, Luiz Henrique Mandetta, e da Agricultura, Pecu\u00e1ria e Abastecimento, Tereza Cristina, participaram, nesta quarta-feira (30\/11), de debate sobre a libera\u00e7\u00e3o de novos agrot\u00f3xicos, na C\u00e2mara dos Deputados. Na apresenta\u00e7\u00e3o, informaram que a legisla\u00e7\u00e3o atual garante seguran\u00e7a na aprova\u00e7\u00e3o dos produtos e \u00e9 compat\u00edvel com as regras dos pa\u00edses mais r\u00edgidos. O [&hellip;]<\/p>\n","protected":false},"author":1,"featured_media":37929,"comment_status":"closed","ping_status":"closed","sticky":false,"template":"","format":"standard","meta":{"footnotes":""},"categories":[79],"tags":[],"_links":{"self":[{"href":"https:\/\/www.anamt.org.br\/portal\/wp-json\/wp\/v2\/posts\/39260"}],"collection":[{"href":"https:\/\/www.anamt.org.br\/portal\/wp-json\/wp\/v2\/posts"}],"about":[{"href":"https:\/\/www.anamt.org.br\/portal\/wp-json\/wp\/v2\/types\/post"}],"author":[{"embeddable":true,"href":"https:\/\/www.anamt.org.br\/portal\/wp-json\/wp\/v2\/users\/1"}],"replies":[{"embeddable":true,"href":"https:\/\/www.anamt.org.br\/portal\/wp-json\/wp\/v2\/comments?post=39260"}],"version-history":[{"count":0,"href":"https:\/\/www.anamt.org.br\/portal\/wp-json\/wp\/v2\/posts\/39260\/revisions"}],"wp:featuredmedia":[{"embeddable":true,"href":"https:\/\/www.anamt.org.br\/portal\/wp-json\/wp\/v2\/media\/37929"}],"wp:attachment":[{"href":"https:\/\/www.anamt.org.br\/portal\/wp-json\/wp\/v2\/media?parent=39260"}],"wp:term":[{"taxonomy":"category","embeddable":true,"href":"https:\/\/www.anamt.org.br\/portal\/wp-json\/wp\/v2\/categories?post=39260"},{"taxonomy":"post_tag","embeddable":true,"href":"https:\/\/www.anamt.org.br\/portal\/wp-json\/wp\/v2\/tags?post=39260"}],"curies":[{"name":"wp","href":"https:\/\/api.w.org\/{rel}","templated":true}]}}