{"id":39099,"date":"2019-10-14T10:58:10","date_gmt":"2019-10-14T13:58:10","guid":{"rendered":"https:\/\/www.anamt.org.br\/portal\/?p=39099"},"modified":"2019-10-14T10:58:10","modified_gmt":"2019-10-14T13:58:10","slug":"nota-tecnica-15-2019-esocial-tem-novas-datas-para-implantacao","status":"publish","type":"post","link":"https:\/\/www.anamt.org.br\/portal\/2019\/10\/14\/nota-tecnica-15-2019-esocial-tem-novas-datas-para-implantacao\/","title":{"rendered":"Nota T\u00e9cnica 15\/2019: eSocial tem novas datas para implanta\u00e7\u00e3o"},"content":{"rendered":"<p>A republica\u00e7\u00e3o da <a href=\"http:\/\/portal.esocial.gov.br\/manuais\/nota_tecnica_no_15_2019_-revisada.zip\">Nota T\u00e9cnica 15\/2019<\/a> trouxe as datas de implanta\u00e7\u00e3o nos ambientes de produ\u00e7\u00e3o e de testes. A publica\u00e7\u00e3o original n\u00e3o especificava essas datas. Conforme a Nota T\u00e9cnica 15\/2019 revisada, h\u00e1 a previs\u00e3o de implanta\u00e7\u00e3o nas seguintes datas:<br \/>\n<i><br \/>\n&#8211; Ambiente de produ\u00e7\u00e3o restrita (testes): 07\/10\/2019 (a data original era 08\/10\/2019, mas foi antecipada pela equipe t\u00e9cnica).<\/p>\n<p>&#8211; Ambiente de produ\u00e7\u00e3o: 11\/11\/2019<\/i><\/p>\n<p>A revis\u00e3o tamb\u00e9m trouxe pequenas corre\u00e7\u00f5es e ajustes ao texto original da Nota T\u00e9cnica 15\/2019.<\/p>\n<p>A Nota T\u00e9cnica n\u00ba 15\/2019 tem como objetivo implantar as primeiras medidas de simplifica\u00e7\u00e3o e\u00a0 moderniza\u00e7\u00e3o do eSocial, conforme disposto no art. 9\u00ba da Portaria n\u00ba 300, de 13\/06\/2019. As empresas encontrar\u00e3o o conte\u00fado da Nota, bem como os esquemas XSD e as altera\u00e7\u00f5es do leiaute da vers\u00e3o 2.5 <a href=\"http:\/\/portal.esocial.gov.br\/manuais\/nota_tecnica_no_15_2019_-revisada.zip\">clicando aqui<\/a> ou acessando a \u00e1rea de <a href=\"http:\/\/portal.esocial.gov.br\/institucional\/documentacao-tecnica\">Documenta\u00e7\u00e3o T\u00e9cnica<\/a>.<\/p>\n<p><em>(Fonte: Portal do eSocial)<\/em><\/p>\n","protected":false},"excerpt":{"rendered":"<p>A republica\u00e7\u00e3o da Nota T\u00e9cnica 15\/2019 trouxe as datas de implanta\u00e7\u00e3o nos ambientes de produ\u00e7\u00e3o e de testes. A publica\u00e7\u00e3o original n\u00e3o especificava essas datas. Conforme a Nota T\u00e9cnica 15\/2019 revisada, h\u00e1 a previs\u00e3o de implanta\u00e7\u00e3o nas seguintes datas: &#8211; Ambiente de produ\u00e7\u00e3o restrita (testes): 07\/10\/2019 (a data original era 08\/10\/2019, mas foi antecipada pela [&hellip;]<\/p>\n","protected":false},"author":1,"featured_media":36457,"comment_status":"closed","ping_status":"closed","sticky":false,"template":"","format":"standard","meta":{"footnotes":""},"categories":[79],"tags":[],"_links":{"self":[{"href":"https:\/\/www.anamt.org.br\/portal\/wp-json\/wp\/v2\/posts\/39099"}],"collection":[{"href":"https:\/\/www.anamt.org.br\/portal\/wp-json\/wp\/v2\/posts"}],"about":[{"href":"https:\/\/www.anamt.org.br\/portal\/wp-json\/wp\/v2\/types\/post"}],"author":[{"embeddable":true,"href":"https:\/\/www.anamt.org.br\/portal\/wp-json\/wp\/v2\/users\/1"}],"replies":[{"embeddable":true,"href":"https:\/\/www.anamt.org.br\/portal\/wp-json\/wp\/v2\/comments?post=39099"}],"version-history":[{"count":0,"href":"https:\/\/www.anamt.org.br\/portal\/wp-json\/wp\/v2\/posts\/39099\/revisions"}],"wp:featuredmedia":[{"embeddable":true,"href":"https:\/\/www.anamt.org.br\/portal\/wp-json\/wp\/v2\/media\/36457"}],"wp:attachment":[{"href":"https:\/\/www.anamt.org.br\/portal\/wp-json\/wp\/v2\/media?parent=39099"}],"wp:term":[{"taxonomy":"category","embeddable":true,"href":"https:\/\/www.anamt.org.br\/portal\/wp-json\/wp\/v2\/categories?post=39099"},{"taxonomy":"post_tag","embeddable":true,"href":"https:\/\/www.anamt.org.br\/portal\/wp-json\/wp\/v2\/tags?post=39099"}],"curies":[{"name":"wp","href":"https:\/\/api.w.org\/{rel}","templated":true}]}}