{"id":38938,"date":"2019-09-23T14:12:31","date_gmt":"2019-09-23T17:12:31","guid":{"rendered":"https:\/\/www.anamt.org.br\/portal\/?p=38938"},"modified":"2019-09-23T14:12:31","modified_gmt":"2019-09-23T17:12:31","slug":"consulta-publica-da-norma-regulamentadora-no-31-e-divulgada","status":"publish","type":"post","link":"https:\/\/www.anamt.org.br\/portal\/2019\/09\/23\/consulta-publica-da-norma-regulamentadora-no-31-e-divulgada\/","title":{"rendered":"Consulta P\u00fablica da Norma Regulamentadora n\u00ba 31 \u00e9 divulgada"},"content":{"rendered":"<p>Est\u00e1 dispon\u00edvel para consulta p\u00fablica a proposta de revis\u00e3o da Norma Regulamentadora n\u00ba 31 (Seguran\u00e7a e Sa\u00fade no Trabalho na Agricultura, Pecu\u00e1ria, Silvicultura, Explora\u00e7\u00e3o Florestal e Aquicultura). O aviso de consulta p\u00fablica foi publicado hoje, dia 23 de setembro, no Di\u00e1rio Oficial da Uni\u00e3o, pelo Minist\u00e9rio da Economia, por meio da Secretaria Especial de Previd\u00eancia e Trabalho.<\/p>\n<p>A consulta dos textos pode ser realizada no site <a href=\"http:\/\/participa.br\/secretaria-de-trabalho\">http:\/\/participa.br\/secretaria-de-trabalho<\/a> pelo prazo de 30 dias, a contar da data da publica\u00e7\u00e3o do aviso no Di\u00e1rio Oficial da Uni\u00e3o. Expirado o prazo fixado, as sugest\u00f5es ser\u00e3o analisadas pela Secretaria de Trabalho, que elaborar\u00e1 a proposta de texto a ser encaminhada a grupo tripartite, formado por representantes do governo, de trabalhadores e empregadores, para discuss\u00e3o e aprova\u00e7\u00e3o. Ao final, o grupo tripartite encaminhar\u00e1 a proposta de texto final a ser discutida e aprovada no \u00e2mbito da Comiss\u00e3o Tripartite Parit\u00e1ria Permanente &#8211; CTPP.<\/p>\n<p>D\u00favidas a respeito da utiliza\u00e7\u00e3o da plataforma poder\u00e3o ser encaminhadas para o e-mail normatizacao.sit@mte.gov.br. Lembrando que as sugest\u00f5es encaminhadas por correio eletr\u00f4nico n\u00e3o ser\u00e3o consideradas.<\/p>\n<p><em>(Fonte: Revista Prote\u00e7\u00e3o)<\/em><\/p>\n","protected":false},"excerpt":{"rendered":"<p>Est\u00e1 dispon\u00edvel para consulta p\u00fablica a proposta de revis\u00e3o da Norma Regulamentadora n\u00ba 31 (Seguran\u00e7a e Sa\u00fade no Trabalho na Agricultura, Pecu\u00e1ria, Silvicultura, Explora\u00e7\u00e3o Florestal e Aquicultura). O aviso de consulta p\u00fablica foi publicado hoje, dia 23 de setembro, no Di\u00e1rio Oficial da Uni\u00e3o, pelo Minist\u00e9rio da Economia, por meio da Secretaria Especial de Previd\u00eancia [&hellip;]<\/p>\n","protected":false},"author":1,"featured_media":30972,"comment_status":"closed","ping_status":"closed","sticky":false,"template":"","format":"standard","meta":{"footnotes":""},"categories":[79],"tags":[],"_links":{"self":[{"href":"https:\/\/www.anamt.org.br\/portal\/wp-json\/wp\/v2\/posts\/38938"}],"collection":[{"href":"https:\/\/www.anamt.org.br\/portal\/wp-json\/wp\/v2\/posts"}],"about":[{"href":"https:\/\/www.anamt.org.br\/portal\/wp-json\/wp\/v2\/types\/post"}],"author":[{"embeddable":true,"href":"https:\/\/www.anamt.org.br\/portal\/wp-json\/wp\/v2\/users\/1"}],"replies":[{"embeddable":true,"href":"https:\/\/www.anamt.org.br\/portal\/wp-json\/wp\/v2\/comments?post=38938"}],"version-history":[{"count":0,"href":"https:\/\/www.anamt.org.br\/portal\/wp-json\/wp\/v2\/posts\/38938\/revisions"}],"wp:featuredmedia":[{"embeddable":true,"href":"https:\/\/www.anamt.org.br\/portal\/wp-json\/wp\/v2\/media\/30972"}],"wp:attachment":[{"href":"https:\/\/www.anamt.org.br\/portal\/wp-json\/wp\/v2\/media?parent=38938"}],"wp:term":[{"taxonomy":"category","embeddable":true,"href":"https:\/\/www.anamt.org.br\/portal\/wp-json\/wp\/v2\/categories?post=38938"},{"taxonomy":"post_tag","embeddable":true,"href":"https:\/\/www.anamt.org.br\/portal\/wp-json\/wp\/v2\/tags?post=38938"}],"curies":[{"name":"wp","href":"https:\/\/api.w.org\/{rel}","templated":true}]}}