{"id":389,"date":"2011-03-02T12:31:15","date_gmt":"2011-03-02T15:31:15","guid":{"rendered":"https:\/\/www.anamt.org.br\/portal\/2011\/03\/02\/acesso-a-tratamento-e-tema-do-xxix-congresso-brasileiro-de-psiquiatria\/"},"modified":"2011-03-02T12:31:15","modified_gmt":"2011-03-02T15:31:15","slug":"acesso-a-tratamento-e-tema-do-xxix-congresso-brasileiro-de-psiquiatria","status":"publish","type":"post","link":"https:\/\/www.anamt.org.br\/portal\/2011\/03\/02\/acesso-a-tratamento-e-tema-do-xxix-congresso-brasileiro-de-psiquiatria\/","title":{"rendered":"Acesso a tratamento \u00e9 tema do XXIX Congresso Brasileiro de Psiquiatria"},"content":{"rendered":"<p>Data: 02\/03\/2011 <\/p>\n<p>A cidade do Rio de Janeiro ser\u00e1 a sede do XXIX Congresso Brasileiro de Psiquiatria, que ter\u00e1 como tema &#8220;Acesso a Tratamento e Justi\u00e7a Social&#8221;. As inscri\u00e7\u00f5es j\u00e1 est\u00e3o abertas. At\u00e9 o pr\u00f3ximo dia 13, \u00e9 poss\u00edvel garantir descontos no pagamento da taxa de participa\u00e7\u00e3o. <\/p>\n<p>O evento acontece entre os dias 2 e 5 de novembro, no Riocentro Exhibition &#038; Convention Center. O congresso \u00e9 organizado pela Associa\u00e7\u00e3o Brasileira de Psiquiatria (ABP) e pela Associa\u00e7\u00e3o Psiqui\u00e1trica do Estado do Rio de Janeiro (APERJ). Estima-se a participa\u00e7\u00e3o de 6.500 pessoas.<\/p>\n<p>Para mais informa\u00e7\u00f5es, acesse o site <a href=\"http:\/\/www.cbpabp.org.br\/\">www.cbpabp.org.br<\/a>.<\/p>\n","protected":false},"excerpt":{"rendered":"<p>Interessados em participar do evento, organizado pela Associa\u00e7\u00e3o Brasileira de Psiquiatria (ABP) e pela Associa\u00e7\u00e3o Psiqui\u00e1trica do Estado do Rio de Janeiro (APERJ), podem garantir descontos no pagamento da taxa de participa\u00e7\u00e3o at\u00e9 o pr\u00f3ximo dia 13.<\/p>\n","protected":false},"author":1,"featured_media":0,"comment_status":"closed","ping_status":"closed","sticky":false,"template":"","format":"standard","meta":{"footnotes":""},"categories":[8],"tags":[],"_links":{"self":[{"href":"https:\/\/www.anamt.org.br\/portal\/wp-json\/wp\/v2\/posts\/389"}],"collection":[{"href":"https:\/\/www.anamt.org.br\/portal\/wp-json\/wp\/v2\/posts"}],"about":[{"href":"https:\/\/www.anamt.org.br\/portal\/wp-json\/wp\/v2\/types\/post"}],"author":[{"embeddable":true,"href":"https:\/\/www.anamt.org.br\/portal\/wp-json\/wp\/v2\/users\/1"}],"replies":[{"embeddable":true,"href":"https:\/\/www.anamt.org.br\/portal\/wp-json\/wp\/v2\/comments?post=389"}],"version-history":[{"count":0,"href":"https:\/\/www.anamt.org.br\/portal\/wp-json\/wp\/v2\/posts\/389\/revisions"}],"wp:attachment":[{"href":"https:\/\/www.anamt.org.br\/portal\/wp-json\/wp\/v2\/media?parent=389"}],"wp:term":[{"taxonomy":"category","embeddable":true,"href":"https:\/\/www.anamt.org.br\/portal\/wp-json\/wp\/v2\/categories?post=389"},{"taxonomy":"post_tag","embeddable":true,"href":"https:\/\/www.anamt.org.br\/portal\/wp-json\/wp\/v2\/tags?post=389"}],"curies":[{"name":"wp","href":"https:\/\/api.w.org\/{rel}","templated":true}]}}