{"id":38830,"date":"2019-09-11T17:00:37","date_gmt":"2019-09-11T20:00:37","guid":{"rendered":"https:\/\/www.anamt.org.br\/portal\/?p=38830"},"modified":"2019-09-11T17:04:23","modified_gmt":"2019-09-11T20:04:23","slug":"anamt-participa-de-audiencias-publicas-sobre-nr-7-9-e-17-na-fundacentro","status":"publish","type":"post","link":"https:\/\/www.anamt.org.br\/portal\/2019\/09\/11\/anamt-participa-de-audiencias-publicas-sobre-nr-7-9-e-17-na-fundacentro\/","title":{"rendered":"ANAMT participa de audi\u00eancia p\u00fablica sobre NR 7 na Fundacentro"},"content":{"rendered":"<p><img decoding=\"async\" class=\"aligncenter size-full wp-image-38831\" src=\"https:\/\/www.anamt.org.br\/portal\/wp-content\/uploads\/2019\/09\/ANAMT_MB_FUNDACENTRO.jpg\" alt=\"\" width=\"650\" height=\"487\" srcset=\"https:\/\/www.anamt.org.br\/portal\/wp-content\/uploads\/2019\/09\/ANAMT_MB_FUNDACENTRO-200x150.jpg 200w, https:\/\/www.anamt.org.br\/portal\/wp-content\/uploads\/2019\/09\/ANAMT_MB_FUNDACENTRO-300x225.jpg 300w, https:\/\/www.anamt.org.br\/portal\/wp-content\/uploads\/2019\/09\/ANAMT_MB_FUNDACENTRO-400x300.jpg 400w, https:\/\/www.anamt.org.br\/portal\/wp-content\/uploads\/2019\/09\/ANAMT_MB_FUNDACENTRO-600x450.jpg 600w, https:\/\/www.anamt.org.br\/portal\/wp-content\/uploads\/2019\/09\/ANAMT_MB_FUNDACENTRO.jpg 650w\" sizes=\"(max-width: 650px) 100vw, 650px\" \/><\/p>\n<p>A Secretaria do Trabalho, a Subsecretaria de Inspe\u00e7\u00e3o do Trabalho (SIT) e a Fundacentro realizaram audi\u00eancias p\u00fablicas sobre as Normas Regulamentadoras 7 (Programa de Controle M\u00e9dico de Sa\u00fade Ocupacional), 9 (Programa de Preven\u00e7\u00e3o de Riscos Ambientais) e 17 (Ergonomia) nos dias 10 e 11 de setembro em S\u00e3o Paulo (SP).<\/p>\n<p>O objetivo dos encontros foi promover o debate com especialistas, representantes governamentais, de trabalhadores e de empregadores e com a popula\u00e7\u00e3o em geral, permitindo a participa\u00e7\u00e3o da sociedade no processo da revis\u00e3o da normas.<\/p>\n<p>A audi\u00eancia p\u00fablica sobre a NR 7 ocorreu hoje (11\/9), das 9h \u00e0s 12h, no Audit\u00f3rio Edson Hatem, e contou com a participa\u00e7\u00e3o da presidente da ANAMT, Dra. Marcia Bandini. Em sua fala, a presidente abordou os avan\u00e7os que o texto apresenta e os pontos que merecem ser revistos.<\/p>\n<p>A nova NR 7 estabelece princ\u00edpios e procedimentos para controle m\u00e9dico da sa\u00fade dos empregados nas organiza\u00e7\u00f5es, com o objetivo de proteger e preservar a sa\u00fade f\u00edsica e mental desses trabalhadores, em rela\u00e7\u00e3o aos riscos gerados pelo trabalho. Os requisitos sobre os exames m\u00e9dicos complementares foram modificados e ampliados.<\/p>\n","protected":false},"excerpt":{"rendered":"<p>A Secretaria do Trabalho, a Subsecretaria de Inspe\u00e7\u00e3o do Trabalho (SIT) e a Fundacentro realizaram audi\u00eancias p\u00fablicas sobre as Normas Regulamentadoras 7 (Programa de Controle M\u00e9dico de Sa\u00fade Ocupacional), 9 (Programa de Preven\u00e7\u00e3o de Riscos Ambientais) e 17 (Ergonomia) nos dias 10 e 11 de setembro em S\u00e3o Paulo (SP). O objetivo dos encontros foi [&hellip;]<\/p>\n","protected":false},"author":1,"featured_media":38832,"comment_status":"closed","ping_status":"closed","sticky":false,"template":"","format":"standard","meta":{"footnotes":""},"categories":[79],"tags":[],"_links":{"self":[{"href":"https:\/\/www.anamt.org.br\/portal\/wp-json\/wp\/v2\/posts\/38830"}],"collection":[{"href":"https:\/\/www.anamt.org.br\/portal\/wp-json\/wp\/v2\/posts"}],"about":[{"href":"https:\/\/www.anamt.org.br\/portal\/wp-json\/wp\/v2\/types\/post"}],"author":[{"embeddable":true,"href":"https:\/\/www.anamt.org.br\/portal\/wp-json\/wp\/v2\/users\/1"}],"replies":[{"embeddable":true,"href":"https:\/\/www.anamt.org.br\/portal\/wp-json\/wp\/v2\/comments?post=38830"}],"version-history":[{"count":0,"href":"https:\/\/www.anamt.org.br\/portal\/wp-json\/wp\/v2\/posts\/38830\/revisions"}],"wp:featuredmedia":[{"embeddable":true,"href":"https:\/\/www.anamt.org.br\/portal\/wp-json\/wp\/v2\/media\/38832"}],"wp:attachment":[{"href":"https:\/\/www.anamt.org.br\/portal\/wp-json\/wp\/v2\/media?parent=38830"}],"wp:term":[{"taxonomy":"category","embeddable":true,"href":"https:\/\/www.anamt.org.br\/portal\/wp-json\/wp\/v2\/categories?post=38830"},{"taxonomy":"post_tag","embeddable":true,"href":"https:\/\/www.anamt.org.br\/portal\/wp-json\/wp\/v2\/tags?post=38830"}],"curies":[{"name":"wp","href":"https:\/\/api.w.org\/{rel}","templated":true}]}}