{"id":38075,"date":"2019-08-30T10:18:34","date_gmt":"2019-08-30T13:18:34","guid":{"rendered":"https:\/\/www.anamt.org.br\/portal\/?p=38075"},"modified":"2019-08-30T10:26:09","modified_gmt":"2019-08-30T13:26:09","slug":"reta-final-das-eleicoes-para-a-diretoria-executiva-2019-2022-da-anamt","status":"publish","type":"post","link":"https:\/\/www.anamt.org.br\/portal\/2019\/08\/30\/reta-final-das-eleicoes-para-a-diretoria-executiva-2019-2022-da-anamt\/","title":{"rendered":"Reta final das elei\u00e7\u00f5es para a diretoria executiva 2019-2022 da ANAMT"},"content":{"rendered":"<p>Pela primeira vez na hist\u00f3ria da ANAMT, a elei\u00e7\u00e3o da Diretoria Executiva e do Conselho Fiscal 2019-2022 est\u00e1 sendo realizada exclusivamente por correspond\u00eancia, por meio de c\u00e9dulas impressas enviadas aos associados aptos a votar. \u00c9 importante aten\u00e7\u00e3o \u00e0 data, pois dois prazos importantes est\u00e3o prestes a expirar. Os s\u00f3cios titulares nos termos dos artigos 11 e 12 do estatuto e os s\u00f3cios jubilados t\u00eam at\u00e9 a pr\u00f3xima quarta-feira (3) para regularizar o pagamento da anuidade e, assim, estar apto a votar.<\/p>\n<p>O dia 3 de setembro \u00e9 tamb\u00e9m o \u00faltimo dia para o envio das c\u00e9dulas de vota\u00e7\u00e3o por meio do servi\u00e7o de entrega dos Correios. Somente ser\u00e3o computados os votos recebidos at\u00e9 o dia 12\/9\/2019 que tenham sido postados dentro do per\u00edodo de elei\u00e7\u00f5es (10\/8\/2019 a 3\/9\/2019).<\/p>\n<p>Para a efic\u00e1cia do processo eleitoral, o associado deve ler atentamente as instru\u00e7\u00f5es de voto e, para garantir o sigilo do voto, deve destacar as c\u00e9dulas de vota\u00e7\u00e3o e inseri-las no envelope exclusivo para as c\u00e9dulas, fechando-o com a fita adesiva.<\/p>\n<p>D\u00favidas e esclarecimentos poder\u00e3o ser obtidos pelo e-mail <a href=\"mailto:secretaria@staging.anamt.org.br\">secretaria@staging.anamt.org.br<\/a> ou em contato com a sede administrativa da ANAMT.<\/p>\n","protected":false},"excerpt":{"rendered":"<p>Pela primeira vez na hist\u00f3ria da ANAMT, a elei\u00e7\u00e3o da Diretoria Executiva e do Conselho Fiscal 2019-2022 est\u00e1 sendo realizada exclusivamente por correspond\u00eancia, por meio de c\u00e9dulas impressas enviadas aos associados aptos a votar. \u00c9 importante aten\u00e7\u00e3o \u00e0 data, pois dois prazos importantes est\u00e3o prestes a expirar. Os s\u00f3cios titulares nos termos dos artigos 11 [&hellip;]<\/p>\n","protected":false},"author":1,"featured_media":36340,"comment_status":"closed","ping_status":"closed","sticky":false,"template":"","format":"standard","meta":{"footnotes":""},"categories":[220],"tags":[],"_links":{"self":[{"href":"https:\/\/www.anamt.org.br\/portal\/wp-json\/wp\/v2\/posts\/38075"}],"collection":[{"href":"https:\/\/www.anamt.org.br\/portal\/wp-json\/wp\/v2\/posts"}],"about":[{"href":"https:\/\/www.anamt.org.br\/portal\/wp-json\/wp\/v2\/types\/post"}],"author":[{"embeddable":true,"href":"https:\/\/www.anamt.org.br\/portal\/wp-json\/wp\/v2\/users\/1"}],"replies":[{"embeddable":true,"href":"https:\/\/www.anamt.org.br\/portal\/wp-json\/wp\/v2\/comments?post=38075"}],"version-history":[{"count":0,"href":"https:\/\/www.anamt.org.br\/portal\/wp-json\/wp\/v2\/posts\/38075\/revisions"}],"wp:featuredmedia":[{"embeddable":true,"href":"https:\/\/www.anamt.org.br\/portal\/wp-json\/wp\/v2\/media\/36340"}],"wp:attachment":[{"href":"https:\/\/www.anamt.org.br\/portal\/wp-json\/wp\/v2\/media?parent=38075"}],"wp:term":[{"taxonomy":"category","embeddable":true,"href":"https:\/\/www.anamt.org.br\/portal\/wp-json\/wp\/v2\/categories?post=38075"},{"taxonomy":"post_tag","embeddable":true,"href":"https:\/\/www.anamt.org.br\/portal\/wp-json\/wp\/v2\/tags?post=38075"}],"curies":[{"name":"wp","href":"https:\/\/api.w.org\/{rel}","templated":true}]}}