{"id":37994,"date":"2019-08-12T15:27:07","date_gmt":"2019-08-12T18:27:07","guid":{"rendered":"https:\/\/www.anamt.org.br\/portal\/?p=37994"},"modified":"2019-08-12T15:27:07","modified_gmt":"2019-08-12T18:27:07","slug":"comissao-debate-revisao-de-normas-de-saude-e-seguranca-do-trabalho","status":"publish","type":"post","link":"https:\/\/www.anamt.org.br\/portal\/2019\/08\/12\/comissao-debate-revisao-de-normas-de-saude-e-seguranca-do-trabalho\/","title":{"rendered":"Comiss\u00e3o debate revis\u00e3o de normas de sa\u00fade e seguran\u00e7a do trabalho"},"content":{"rendered":"<p>A Comiss\u00e3o de Trabalho, Administra\u00e7\u00e3o e Servi\u00e7o P\u00fablico realiza audi\u00eancia p\u00fablica nesta quinta-feira (15), \u00e0s 9 horas, para discutir o processo de revis\u00e3o das normas regulamentadoras de sa\u00fade e seguran\u00e7a de trabalho que est\u00e1 sendo realizado pela Secretaria Especial de Trabalho e Previd\u00eancia do Minist\u00e9rio da Economia.<\/p>\n<p>O deputado T\u00falio Gad\u00ealha, que solicitou o debate, lembra que em maio o secret\u00e1rio-especial de Trabalho e Previd\u00eancia do Minist\u00e9rio da Economia, Rog\u00e9rio Marinho,\u00a0anunciou que as Normas Regulamentadoras (NRs) v\u00e3o passar por um amplo processo de moderniza\u00e7\u00e3o, com foco na customiza\u00e7\u00e3o, desburocratiza\u00e7\u00e3o e simplifica\u00e7\u00e3o, e que considera essa normatiza\u00e7\u00e3o &#8220;bizantina, anacr\u00f4nica e hostil&#8221;.<\/p>\n<p>&#8220;\u00c9 importante ressaltar que o Brasil figura no cen\u00e1rio internacional como o quarto pa\u00eds do mundo em n\u00fameros de acidentes de trabalho&#8221;, destaca Gad\u00ealha. &#8220;Pretende-se agora reduzir em 90% as normas de seguran\u00e7a e sa\u00fade do trabalhador, e este Parlamento precisa se inteirar do tema&#8221;, justifica.<\/p>\n<p>Foram convidados para o debate:<\/p>\n<p>&#8211;\u00a0 o secret\u00e1rio-especial de Trabalho e Previd\u00eancia do Minist\u00e9rio da Economia, Rog\u00e9rio Marinho;<\/p>\n<p>&#8211;\u00a0 o presidente da Funda\u00e7\u00e3o Jorge Duprat Figueiredo de Seguran\u00e7a e Medicina do Trabalho, Felipe M\u00eamolo Portella;<\/p>\n<p>&#8211; a auditora fiscal do Trabalho A\u00edda Cristina Becker, representando o Sindicato Nacional dos Auditores Fiscais do Trabalho (Sinait);<\/p>\n<p>&#8211; a diretora de Forma\u00e7\u00e3o e Cultura da Associa\u00e7\u00e3o Nacional dos Magistrados do Trabalho, Luciana Paula Conforti;<\/p>\n<p>&#8211;\u00a0 o diretor da Confedera\u00e7\u00e3o Ibero Ameriana de Inspe\u00e7\u00e3o do Trabalho (Ciit) Fransisco Luis Lima; e<\/p>\n<p>&#8211; o presidente da Associa\u00e7\u00e3o Nacional dos Procuradores do Trabalho (ANPT), \u00c2ngelo Fabiano.<\/p>\n<p>O evento ocorrer\u00e1 no plen\u00e1rio 12 das comiss\u00f5es e ser\u00e1 interativo. Para assistir ao debate fazer perguntas aos participantes, <a href=\"https:\/\/edemocracia.camara.leg.br\/audiencias\/sala\/1111\">clique aqui<\/a>.<\/p>\n<p><em>(Fonte: Ag\u00eancia C\u00e2mara)<\/em><\/p>\n<h3>Leia mais:<\/h3>\n<p class=\"entry-title fusion-post-title\"><a href=\"https:\/\/www.anamt.org.br\/portal\/2019\/07\/31\/sst-revisao-das-nrs-deve-priorizar-protecao-aos-trabalhadores\/\">SST: revis\u00e3o das NRs deve priorizar prote\u00e7\u00e3o aos trabalhadores<\/a><\/p>\n","protected":false},"excerpt":{"rendered":"<p>A Comiss\u00e3o de Trabalho, Administra\u00e7\u00e3o e Servi\u00e7o P\u00fablico realiza audi\u00eancia p\u00fablica nesta quinta-feira (15), \u00e0s 9 horas, para discutir o processo de revis\u00e3o das normas regulamentadoras de sa\u00fade e seguran\u00e7a de trabalho que est\u00e1 sendo realizado pela Secretaria Especial de Trabalho e Previd\u00eancia do Minist\u00e9rio da Economia. O deputado T\u00falio Gad\u00ealha, que solicitou o debate, [&hellip;]<\/p>\n","protected":false},"author":1,"featured_media":36795,"comment_status":"closed","ping_status":"closed","sticky":false,"template":"","format":"standard","meta":{"footnotes":""},"categories":[79],"tags":[],"_links":{"self":[{"href":"https:\/\/www.anamt.org.br\/portal\/wp-json\/wp\/v2\/posts\/37994"}],"collection":[{"href":"https:\/\/www.anamt.org.br\/portal\/wp-json\/wp\/v2\/posts"}],"about":[{"href":"https:\/\/www.anamt.org.br\/portal\/wp-json\/wp\/v2\/types\/post"}],"author":[{"embeddable":true,"href":"https:\/\/www.anamt.org.br\/portal\/wp-json\/wp\/v2\/users\/1"}],"replies":[{"embeddable":true,"href":"https:\/\/www.anamt.org.br\/portal\/wp-json\/wp\/v2\/comments?post=37994"}],"version-history":[{"count":0,"href":"https:\/\/www.anamt.org.br\/portal\/wp-json\/wp\/v2\/posts\/37994\/revisions"}],"wp:featuredmedia":[{"embeddable":true,"href":"https:\/\/www.anamt.org.br\/portal\/wp-json\/wp\/v2\/media\/36795"}],"wp:attachment":[{"href":"https:\/\/www.anamt.org.br\/portal\/wp-json\/wp\/v2\/media?parent=37994"}],"wp:term":[{"taxonomy":"category","embeddable":true,"href":"https:\/\/www.anamt.org.br\/portal\/wp-json\/wp\/v2\/categories?post=37994"},{"taxonomy":"post_tag","embeddable":true,"href":"https:\/\/www.anamt.org.br\/portal\/wp-json\/wp\/v2\/tags?post=37994"}],"curies":[{"name":"wp","href":"https:\/\/api.w.org\/{rel}","templated":true}]}}