{"id":37949,"date":"2019-08-06T11:31:32","date_gmt":"2019-08-06T14:31:32","guid":{"rendered":"https:\/\/www.anamt.org.br\/portal\/?p=37949"},"modified":"2019-08-06T11:36:28","modified_gmt":"2019-08-06T14:36:28","slug":"nota-tecnica-15-2019-promove-modificacoes-no-leiaute-do-esocial","status":"publish","type":"post","link":"https:\/\/www.anamt.org.br\/portal\/2019\/08\/06\/nota-tecnica-15-2019-promove-modificacoes-no-leiaute-do-esocial\/","title":{"rendered":"Nota T\u00e9cnica 15\/2019 promove modifica\u00e7\u00f5es no leiaute do eSocial"},"content":{"rendered":"<p>O governo divulgou, no <a href=\"http:\/\/portal.esocial.gov.br\/\"><em>Portal do eSocial<\/em><\/a>, uma nota t\u00e9cnica revelando as primeiras modifica\u00e7\u00f5es do sistema. A <a class=\"external-link\" title=\"\" href=\"https:\/\/portal.esocial.gov.br\/manuais\/nota-tecnica-15-2019.pdf\" target=\"_self\">Nota T\u00e9cnica 15\/2019<\/a> trouxe modifica\u00e7\u00f5es \u00e0 vers\u00e3o 2.5 do leiaute e marcam a primeira fase no processo de reformas anunciado nas \u00faltimas semanas.<\/p>\n<p class=\" \">A principal mudan\u00e7a \u00e9 a altera\u00e7\u00e3o de diversos grupos e campos de &#8220;OC&#8221; (Obrigat\u00f3rios na Condi\u00e7\u00e3o) para &#8220;F&#8221; (Facultativos). \u00c9 o caso, por exemplo, do grupo {documentos} do evento de admiss\u00e3o (S-2200). Na pr\u00e1tica, o grupo n\u00e3o precisa mais ser preenchido, mesmo que o trabalhador possua qualquer dos documentos antes exigidos.<\/p>\n<p class=\" \">Alguns eventos inteiros foram dispensados, conforme <a class=\"external-link\" title=\"\" href=\"http:\/\/portal.esocial.gov.br\/manuais\/nota-orientativa-019-2019.pdf\" target=\"_blank\" rel=\"noopener\">Nota Orientativa 19\/2019<\/a>. A partir desta vers\u00e3o revisada, n\u00e3o ser\u00e1 mais necess\u00e1rio o envio dos seguintes dados:<\/p>\n<ul>\n<li>S-1300 &#8211; Contribui\u00e7\u00e3o Sindical Patronal;<\/li>\n<li>S-2260 &#8211; Convoca\u00e7\u00e3o para Trabalho Intermitente;<\/li>\n<li>S-2250 &#8211; Aviso Pr\u00e9vio<\/li>\n<li class=\"last-item\">S-1070 &#8211; Tabela de Processos Adm.\/Judiciais (<strong>dispensada<\/strong> quando a mat\u00e9ria do processo for autoriza\u00e7\u00e3o de trabalho de menor, dispensa de contrata\u00e7\u00e3o de PCD ou aprendiz, seguran\u00e7a e sa\u00fade no trabalho, convers\u00e3o de licen\u00e7a sa\u00fade em acidente do trabalho. Ser\u00e1 <strong>obrigat\u00f3ria apenas<\/strong> quando a mat\u00e9ria do processo for tribut\u00e1ria, FGTS ou Contribui\u00e7\u00e3o Sindical).<\/li>\n<\/ul>\n<p>Houve, tamb\u00e9m, altera\u00e7\u00e3o na regra de afastamentos, onde ser\u00e1 poss\u00edvel informar o fim de um afastamento antecipadamente.<\/p>\n","protected":false},"excerpt":{"rendered":"<p>O governo divulgou, no Portal do eSocial, uma nota t\u00e9cnica revelando as primeiras modifica\u00e7\u00f5es do sistema. A Nota T\u00e9cnica 15\/2019 trouxe modifica\u00e7\u00f5es \u00e0 vers\u00e3o 2.5 do leiaute e marcam a primeira fase no processo de reformas anunciado nas \u00faltimas semanas. A principal mudan\u00e7a \u00e9 a altera\u00e7\u00e3o de diversos grupos e campos de &#8220;OC&#8221; (Obrigat\u00f3rios na [&hellip;]<\/p>\n","protected":false},"author":1,"featured_media":36457,"comment_status":"closed","ping_status":"closed","sticky":false,"template":"","format":"standard","meta":{"footnotes":""},"categories":[79],"tags":[],"_links":{"self":[{"href":"https:\/\/www.anamt.org.br\/portal\/wp-json\/wp\/v2\/posts\/37949"}],"collection":[{"href":"https:\/\/www.anamt.org.br\/portal\/wp-json\/wp\/v2\/posts"}],"about":[{"href":"https:\/\/www.anamt.org.br\/portal\/wp-json\/wp\/v2\/types\/post"}],"author":[{"embeddable":true,"href":"https:\/\/www.anamt.org.br\/portal\/wp-json\/wp\/v2\/users\/1"}],"replies":[{"embeddable":true,"href":"https:\/\/www.anamt.org.br\/portal\/wp-json\/wp\/v2\/comments?post=37949"}],"version-history":[{"count":0,"href":"https:\/\/www.anamt.org.br\/portal\/wp-json\/wp\/v2\/posts\/37949\/revisions"}],"wp:featuredmedia":[{"embeddable":true,"href":"https:\/\/www.anamt.org.br\/portal\/wp-json\/wp\/v2\/media\/36457"}],"wp:attachment":[{"href":"https:\/\/www.anamt.org.br\/portal\/wp-json\/wp\/v2\/media?parent=37949"}],"wp:term":[{"taxonomy":"category","embeddable":true,"href":"https:\/\/www.anamt.org.br\/portal\/wp-json\/wp\/v2\/categories?post=37949"},{"taxonomy":"post_tag","embeddable":true,"href":"https:\/\/www.anamt.org.br\/portal\/wp-json\/wp\/v2\/tags?post=37949"}],"curies":[{"name":"wp","href":"https:\/\/api.w.org\/{rel}","templated":true}]}}