{"id":37947,"date":"2019-08-06T11:09:17","date_gmt":"2019-08-06T14:09:17","guid":{"rendered":"https:\/\/www.anamt.org.br\/portal\/?p=37947"},"modified":"2019-08-06T11:09:17","modified_gmt":"2019-08-06T14:09:17","slug":"ministerio-da-economia-retificacoes-da-nr-12-e-nr-1-foram-publicadas","status":"publish","type":"post","link":"https:\/\/www.anamt.org.br\/portal\/2019\/08\/06\/ministerio-da-economia-retificacoes-da-nr-12-e-nr-1-foram-publicadas\/","title":{"rendered":"Minist\u00e9rio da Economia: retifica\u00e7\u00f5es da NR 12 e NR 1 foram publicadas"},"content":{"rendered":"<p>O Minist\u00e9rio da Economia, por meio da Secretaria Especial de Previd\u00eancia e Trabalho, publicou hoje, dia 5 de agosto, no Di\u00e1rio Oficial da Uni\u00e3o, as retifica\u00e7\u00f5es das portarias publicadas na semana passada que apresentam os novos textos da <a href=\"http:\/\/www.in.gov.br\/web\/dou\/-\/retificacao-208798787\">NR 1 (Disposi\u00e7\u00f5es Gerais)<\/a> e <a href=\"http:\/\/www.in.gov.br\/web\/dou\/-\/retificacao-208802411\">NR 12 (Seguran\u00e7a no Trabalho em M\u00e1quinas e Equipamentos)<\/a>.<\/p>\n<p>Referente a Portaria n\u00ba 915, de 30 de julho de 2019, que destaca a NR 1, apresentou-se mudan\u00e7as em trechos dos textos do Anexo I e II. J\u00e1, na Portaria n\u00ba 916, de 30 de julho de 2019, alterou-se o texto dos itens gerais 12.3.1 e 12.7.8, al\u00e9m disto, houve mudan\u00e7as na reda\u00e7\u00e3o de alguns itens nos Anexos III, IV, V, XI e XII.<\/p>\n<p>A ANAMT defende que as NRs precisam ser atualizadas na medida em que as tecnologias s\u00e3o incorporadas e novos conhecimentos cient\u00edficos s\u00e3o disponibilizados. Por\u00e9m, esta atualiza\u00e7\u00e3o deve ser voltada para <a href=\"https:\/\/www.anamt.org.br\/portal\/2019\/07\/31\/sst-revisao-das-nrs-deve-priorizar-protecao-aos-trabalhadores\/\">melhorar o desempenho das pol\u00edticas de SST<\/a>, protegendo os trabalhadores e salvando vidas.<\/p>\n<p>\u201cO discurso simplista da \u2018desburocratiza\u00e7\u00e3o\u2019 n\u00e3o deve ser usado como desculpa para reduzir prote\u00e7\u00f5es. Na contram\u00e3o das cr\u00edticas de que temos normas demais, podemos dizer que, apesar de uma legisla\u00e7\u00e3o robusta, nosso desempenho em SST ainda est\u00e1 longe de ser adequado\u201d, afirma a presidente da Associa\u00e7\u00e3o, Dra. Marcia Bandini.<\/p>\n<p><a href=\"https:\/\/www.anamt.org.br\/portal\/2019\/07\/31\/sst-revisao-das-nrs-deve-priorizar-protecao-aos-trabalhadores\/\">Entenda o posicionamento da entidade neste link.<\/a><\/p>\n<p>&nbsp;<\/p>\n","protected":false},"excerpt":{"rendered":"<p>O Minist\u00e9rio da Economia, por meio da Secretaria Especial de Previd\u00eancia e Trabalho, publicou hoje, dia 5 de agosto, no Di\u00e1rio Oficial da Uni\u00e3o, as retifica\u00e7\u00f5es das portarias publicadas na semana passada que apresentam os novos textos da NR 1 (Disposi\u00e7\u00f5es Gerais) e NR 12 (Seguran\u00e7a no Trabalho em M\u00e1quinas e Equipamentos). Referente a Portaria [&hellip;]<\/p>\n","protected":false},"author":1,"featured_media":36854,"comment_status":"closed","ping_status":"closed","sticky":false,"template":"","format":"standard","meta":{"footnotes":""},"categories":[79],"tags":[],"_links":{"self":[{"href":"https:\/\/www.anamt.org.br\/portal\/wp-json\/wp\/v2\/posts\/37947"}],"collection":[{"href":"https:\/\/www.anamt.org.br\/portal\/wp-json\/wp\/v2\/posts"}],"about":[{"href":"https:\/\/www.anamt.org.br\/portal\/wp-json\/wp\/v2\/types\/post"}],"author":[{"embeddable":true,"href":"https:\/\/www.anamt.org.br\/portal\/wp-json\/wp\/v2\/users\/1"}],"replies":[{"embeddable":true,"href":"https:\/\/www.anamt.org.br\/portal\/wp-json\/wp\/v2\/comments?post=37947"}],"version-history":[{"count":0,"href":"https:\/\/www.anamt.org.br\/portal\/wp-json\/wp\/v2\/posts\/37947\/revisions"}],"wp:featuredmedia":[{"embeddable":true,"href":"https:\/\/www.anamt.org.br\/portal\/wp-json\/wp\/v2\/media\/36854"}],"wp:attachment":[{"href":"https:\/\/www.anamt.org.br\/portal\/wp-json\/wp\/v2\/media?parent=37947"}],"wp:term":[{"taxonomy":"category","embeddable":true,"href":"https:\/\/www.anamt.org.br\/portal\/wp-json\/wp\/v2\/categories?post=37947"},{"taxonomy":"post_tag","embeddable":true,"href":"https:\/\/www.anamt.org.br\/portal\/wp-json\/wp\/v2\/tags?post=37947"}],"curies":[{"name":"wp","href":"https:\/\/api.w.org\/{rel}","templated":true}]}}