{"id":37856,"date":"2019-07-26T16:42:49","date_gmt":"2019-07-26T19:42:49","guid":{"rendered":"https:\/\/www.anamt.org.br\/portal\/?p=37856"},"modified":"2019-07-26T20:20:08","modified_gmt":"2019-07-26T23:20:08","slug":"chapas-que-concorrem-a-diretoria-executiva-detalham-propostas-em-entrevista","status":"publish","type":"post","link":"https:\/\/www.anamt.org.br\/portal\/2019\/07\/26\/chapas-que-concorrem-a-diretoria-executiva-detalham-propostas-em-entrevista\/","title":{"rendered":"Chapas que concorrem \u00e0 diretoria executiva detalham propostas em entrevistas"},"content":{"rendered":"<p>Com o objetivo de informar os eleitores e associados sobre as principais propostas para a nova gest\u00e3o da ANAMT, a Associa\u00e7\u00e3o enviou \u00e0s chapas inscritas para o pleito um question\u00e1rio em formato de entrevista, dando aos candidatos a oportunidade de expor suas ideias democraticamente. Consultada, a chapa Federadas Unidas preferiu n\u00e3o participar. <\/p>\n<p>Confira nos links abaixo as biografias, propostas e respostas enviadas pelas chapas que concorrem \u00e0 diretoria executiva da Associa\u00e7\u00e3o. Neste ano, as elei\u00e7\u00f5es ocorrer\u00e3o, pela primeira vez, por correspond\u00eancia, em c\u00e9dulas enviadas exclusivamente para associados quites com anuidade da ANAMT e associados jubilados. Desta maneira, a Associa\u00e7\u00e3o pretende garantir a oportunidade de voto a um n\u00famero maior de pessoas.<\/p>\n<p>Mais informa\u00e7\u00f5es, no <a href=\"https:\/\/www.anamt.org.br\/portal\/wp-content\/uploads\/2019\/06\/EDITAL-ANAMT-APROVADO-CD.pdf\" target=\"_blank\" rel=\"noopener\">edital<\/a> das elei\u00e7\u00f5es.<\/p>\n<p style=\"text-align: left;\"><div class=\"fusion-layout-column fusion_builder_column fusion-builder-column-0 fusion_builder_column_1_2 1_2 fusion-one-half fusion-column-first\" style=\"--awb-bg-size:cover;width:48%; margin-right: 4%;\"><div class=\"fusion-column-wrapper fusion-flex-column-wrapper-legacy\"><\/p>\n<p><strong>Chapa ANAMT Mais T\u00e9cnica e Mais Perto de Voc\u00ea<\/strong><\/p>\n<ul>\n<li><a href=\"https:\/\/www.anamt.org.br\/portal\/eleicoes-2019-2\/eleicoes-2019-chapa-anamt-mais-tecnica\/\">Biografias dos candidatos<\/a><\/li>\n<li><a href=\"https:\/\/www.anamt.org.br\/portal\/eleicoes-2019-2\/eleicoes-2019-propostas-da-chapa-anamt-mais-tecnica\/\">Propostas para o mandato<\/a><\/li>\n<li><a href=\"https:\/\/www.anamt.org.br\/portal\/eleicoes-2019-2\/eleicoes-2019-questionario-respondido-pela-chapa-anamt-mais-tecnica-e-mais-perto-de-voce\/\">Entrevista com o candidato<\/a><\/li>\n<\/ul>\n<p><div class=\"fusion-clearfix\"><\/div><\/div><\/div><div class=\"fusion-layout-column fusion_builder_column fusion-builder-column-1 fusion_builder_column_1_2 1_2 fusion-one-half fusion-column-last\" style=\"--awb-bg-size:cover;width:48%;\"><div class=\"fusion-column-wrapper fusion-flex-column-wrapper-legacy\"><\/p>\n<p><strong>Chapa Federadas Unidas<\/strong><\/p>\n<ul>\n<li><a href=\"https:\/\/www.anamt.org.br\/portal\/eleicoes-2019-2\/eleicoes-2019-chapa-federadas-unidas\/\">Biografias dos candidatos<\/a><\/li>\n<li><a href=\"https:\/\/www.anamt.org.br\/portal\/eleicoes-2019-2\/eleicoes-2019-propostas-da-chapa-federadas-unidas\/\">Propostas para o mandato<\/a><\/li>\n<li><a href=\"https:\/\/www.anamt.org.br\/portal\/eleicoes-2019-2\/eleicoes-2019-questionario-respondido-pela-chapa-federadas-unidas\/\">Entrevista com o candidato<\/a><div class=\"fusion-clearfix\"><\/div><\/div><\/div><\/li>\n<\/ul>\n<p>&nbsp;<\/p>\n","protected":false},"excerpt":{"rendered":"<p>Com o objetivo de informar os eleitores e associados sobre as principais propostas para a nova gest\u00e3o da ANAMT, a Associa\u00e7\u00e3o enviou \u00e0s chapas inscritas para o pleito um question\u00e1rio em formato de entrevista, dando aos candidatos a oportunidade de expor suas ideias democraticamente. Consultada, a chapa Federadas Unidas preferiu n\u00e3o participar. Confira nos links [&hellip;]<\/p>\n","protected":false},"author":1,"featured_media":36340,"comment_status":"closed","ping_status":"closed","sticky":false,"template":"","format":"standard","meta":{"footnotes":""},"categories":[220],"tags":[],"_links":{"self":[{"href":"https:\/\/www.anamt.org.br\/portal\/wp-json\/wp\/v2\/posts\/37856"}],"collection":[{"href":"https:\/\/www.anamt.org.br\/portal\/wp-json\/wp\/v2\/posts"}],"about":[{"href":"https:\/\/www.anamt.org.br\/portal\/wp-json\/wp\/v2\/types\/post"}],"author":[{"embeddable":true,"href":"https:\/\/www.anamt.org.br\/portal\/wp-json\/wp\/v2\/users\/1"}],"replies":[{"embeddable":true,"href":"https:\/\/www.anamt.org.br\/portal\/wp-json\/wp\/v2\/comments?post=37856"}],"version-history":[{"count":0,"href":"https:\/\/www.anamt.org.br\/portal\/wp-json\/wp\/v2\/posts\/37856\/revisions"}],"wp:featuredmedia":[{"embeddable":true,"href":"https:\/\/www.anamt.org.br\/portal\/wp-json\/wp\/v2\/media\/36340"}],"wp:attachment":[{"href":"https:\/\/www.anamt.org.br\/portal\/wp-json\/wp\/v2\/media?parent=37856"}],"wp:term":[{"taxonomy":"category","embeddable":true,"href":"https:\/\/www.anamt.org.br\/portal\/wp-json\/wp\/v2\/categories?post=37856"},{"taxonomy":"post_tag","embeddable":true,"href":"https:\/\/www.anamt.org.br\/portal\/wp-json\/wp\/v2\/tags?post=37856"}],"curies":[{"name":"wp","href":"https:\/\/api.w.org\/{rel}","templated":true}]}}