{"id":37844,"date":"2019-07-24T12:48:58","date_gmt":"2019-07-24T15:48:58","guid":{"rendered":"https:\/\/www.anamt.org.br\/portal\/?p=37844"},"modified":"2019-07-24T13:00:48","modified_gmt":"2019-07-24T16:00:48","slug":"eleicoes-2019-termo-encerra-o-processo-de-judicializacao-do-pleito","status":"publish","type":"post","link":"https:\/\/www.anamt.org.br\/portal\/2019\/07\/24\/eleicoes-2019-termo-encerra-o-processo-de-judicializacao-do-pleito\/","title":{"rendered":"Elei\u00e7\u00f5es 2019: Termo encerra o processo de judicializa\u00e7\u00e3o do pleito"},"content":{"rendered":"<p>Com o objetivo de garantir elei\u00e7\u00f5es democr\u00e1ticas \u00e0 diretoria executiva da Associa\u00e7\u00e3o Nacional de Medicina do Trabalho (ANAMT), foi finalizado o processo de judicializa\u00e7\u00e3o do pleito. Todas as a\u00e7\u00f5es judiciais foram encerradas a partir da assinatura de um Termo de Acordo Extrajudicial, que evidencia o interesse de cada uma das partes envolvidas em resguardar a Associa\u00e7\u00e3o e a elei\u00e7\u00e3o em curso.<\/p>\n<p>Segundo o acordo, as partes se comprometem a dar prosseguimento ao processo eleitoral de forma honesta e justa \u2013 sem ataques pessoais -, respeitando as decis\u00f5es da Assembleia-Geral Ordin\u00e1ria, realizada no dia 17\/05\/2019, e aquilo que foi definido pelo Conselho Deliberativo no dia 27\/05\/2019. Desta forma, os associados ter\u00e3o total liberdade para escolher seus representantes nas elei\u00e7\u00f5es para a nova Diretoria Executiva da ANAMT.<\/p>\n<p>Esta ser\u00e1 a primeira elei\u00e7\u00e3o \u00e0 dist\u00e2ncia com participa\u00e7\u00e3o integral dos associados adimplentes, garantindo que o debate e o processo eleitoral estejam nas m\u00e3os de todos os interessados em contribuir com ideias e propostas para o futuro da ANAMT e da Medicina do Trabalho.<\/p>\n<p>Confira <a href=\"https:\/\/www.anamt.org.br\/portal\/wp-content\/uploads\/2019\/07\/Acordo-Extrajudicial-ANAMT-10.07.2019.pdf\" target=\"_blank\" rel=\"noopener\"><strong>aqui<\/strong><\/a> o Termo de Acordo Extrajudicial na \u00edntegra.<\/p>\n","protected":false},"excerpt":{"rendered":"<p>Com o objetivo de garantir elei\u00e7\u00f5es democr\u00e1ticas \u00e0 diretoria executiva da Associa\u00e7\u00e3o Nacional de Medicina do Trabalho (ANAMT), foi finalizado o processo de judicializa\u00e7\u00e3o do pleito. Todas as a\u00e7\u00f5es judiciais foram encerradas a partir da assinatura de um Termo de Acordo Extrajudicial, que evidencia o interesse de cada uma das partes envolvidas em resguardar a [&hellip;]<\/p>\n","protected":false},"author":1,"featured_media":36340,"comment_status":"closed","ping_status":"closed","sticky":false,"template":"","format":"standard","meta":{"footnotes":""},"categories":[220],"tags":[],"_links":{"self":[{"href":"https:\/\/www.anamt.org.br\/portal\/wp-json\/wp\/v2\/posts\/37844"}],"collection":[{"href":"https:\/\/www.anamt.org.br\/portal\/wp-json\/wp\/v2\/posts"}],"about":[{"href":"https:\/\/www.anamt.org.br\/portal\/wp-json\/wp\/v2\/types\/post"}],"author":[{"embeddable":true,"href":"https:\/\/www.anamt.org.br\/portal\/wp-json\/wp\/v2\/users\/1"}],"replies":[{"embeddable":true,"href":"https:\/\/www.anamt.org.br\/portal\/wp-json\/wp\/v2\/comments?post=37844"}],"version-history":[{"count":0,"href":"https:\/\/www.anamt.org.br\/portal\/wp-json\/wp\/v2\/posts\/37844\/revisions"}],"wp:featuredmedia":[{"embeddable":true,"href":"https:\/\/www.anamt.org.br\/portal\/wp-json\/wp\/v2\/media\/36340"}],"wp:attachment":[{"href":"https:\/\/www.anamt.org.br\/portal\/wp-json\/wp\/v2\/media?parent=37844"}],"wp:term":[{"taxonomy":"category","embeddable":true,"href":"https:\/\/www.anamt.org.br\/portal\/wp-json\/wp\/v2\/categories?post=37844"},{"taxonomy":"post_tag","embeddable":true,"href":"https:\/\/www.anamt.org.br\/portal\/wp-json\/wp\/v2\/tags?post=37844"}],"curies":[{"name":"wp","href":"https:\/\/api.w.org\/{rel}","templated":true}]}}