{"id":37827,"date":"2019-07-23T13:18:28","date_gmt":"2019-07-23T16:18:28","guid":{"rendered":"https:\/\/www.anamt.org.br\/portal\/?p=37827"},"modified":"2019-07-23T13:18:28","modified_gmt":"2019-07-23T16:18:28","slug":"goias-associacao-pede-ao-stf-suspensao-de-lei-que-permite-exportacao-de-amianto","status":"publish","type":"post","link":"https:\/\/www.anamt.org.br\/portal\/2019\/07\/23\/goias-associacao-pede-ao-stf-suspensao-de-lei-que-permite-exportacao-de-amianto\/","title":{"rendered":"Goi\u00e1s: Associa\u00e7\u00e3o pede ao STF suspens\u00e3o de lei que permite exporta\u00e7\u00e3o de amianto"},"content":{"rendered":"<p>A Associa\u00e7\u00e3o Nacional dos Procuradores do Trabalho (ANPT) pediu ao Supremo Tribunal Federal (STF) para suspender a lei sancionada pelo governador de Goi\u00e1s, Ronaldo Caiado, que permitiu a extra\u00e7\u00e3o do amianto crisotila para exporta\u00e7\u00e3o.<\/p>\n<p>Em 2017, o Supremo proibiu a produ\u00e7\u00e3o, a venda e o uso de materiais com amianto por entender que o material representa riscos \u00e0 sa\u00fade.<\/p>\n<p>Posteriormente, uma decis\u00e3o liminar (provis\u00f3ria), por\u00e9m, permitiu a explora\u00e7\u00e3o do material at\u00e9 o ano passado, e o STF ainda precisa concluir o julgamento de recursos sobre o tema, o que n\u00e3o tem data prevista.<\/p>\n<p>O pedido da ANPT tem como relator o ministro Alexandre de Moraes. Em raz\u00e3o do recesso do Poder Judici\u00e1rio, o caso pode ser analisado pelo presidente da Corte, ministro Dias Toffoli.<\/p>\n<h3>Entenda o caso<\/h3>\n<p>A A\u00e7\u00e3o Direita de Inconstitucionalidade (ADI) foi protocolada na sexta-feira (19) pela associa\u00e7\u00e3o e registrada no sistema do STF nesta segunda (22).<\/p>\n<p>Segundo a ANPT, o plen\u00e1rio do STF &#8220;reconheceu de forma contundente (que) o conhecimento cient\u00edfico consolidado h\u00e1 d\u00e9cadas a respeito da lesividade do amianto em todas as suas variedades (inclusive o crisotila), bem como a inexist\u00eancia de limites seguros para a exposi\u00e7\u00e3o ao referido min\u00e9rio&#8221;.<\/p>\n<p>O pedido da associa\u00e7\u00e3o, assinado pelo advogado Mauro Menezes, aponta ainda &#8220;riscos elevados de contamina\u00e7\u00e3o&#8221; n\u00e3o apenas para os trabalhadores inseridos na cadeia produtiva, mas tamb\u00e9m para os familiares deles; para as popula\u00e7\u00f5es vizinhas \u00e0s minas e \u00e0s f\u00e1bricas; e para os consumidores em geral.<\/p>\n<p><em>(Fonte: G1)<\/em><\/p>\n","protected":false},"excerpt":{"rendered":"<p>A Associa\u00e7\u00e3o Nacional dos Procuradores do Trabalho (ANPT) pediu ao Supremo Tribunal Federal (STF) para suspender a lei sancionada pelo governador de Goi\u00e1s, Ronaldo Caiado, que permitiu a extra\u00e7\u00e3o do amianto crisotila para exporta\u00e7\u00e3o. Em 2017, o Supremo proibiu a produ\u00e7\u00e3o, a venda e o uso de materiais com amianto por entender que o material [&hellip;]<\/p>\n","protected":false},"author":1,"featured_media":26646,"comment_status":"closed","ping_status":"closed","sticky":false,"template":"","format":"standard","meta":{"footnotes":""},"categories":[79],"tags":[],"_links":{"self":[{"href":"https:\/\/www.anamt.org.br\/portal\/wp-json\/wp\/v2\/posts\/37827"}],"collection":[{"href":"https:\/\/www.anamt.org.br\/portal\/wp-json\/wp\/v2\/posts"}],"about":[{"href":"https:\/\/www.anamt.org.br\/portal\/wp-json\/wp\/v2\/types\/post"}],"author":[{"embeddable":true,"href":"https:\/\/www.anamt.org.br\/portal\/wp-json\/wp\/v2\/users\/1"}],"replies":[{"embeddable":true,"href":"https:\/\/www.anamt.org.br\/portal\/wp-json\/wp\/v2\/comments?post=37827"}],"version-history":[{"count":0,"href":"https:\/\/www.anamt.org.br\/portal\/wp-json\/wp\/v2\/posts\/37827\/revisions"}],"wp:featuredmedia":[{"embeddable":true,"href":"https:\/\/www.anamt.org.br\/portal\/wp-json\/wp\/v2\/media\/26646"}],"wp:attachment":[{"href":"https:\/\/www.anamt.org.br\/portal\/wp-json\/wp\/v2\/media?parent=37827"}],"wp:term":[{"taxonomy":"category","embeddable":true,"href":"https:\/\/www.anamt.org.br\/portal\/wp-json\/wp\/v2\/categories?post=37827"},{"taxonomy":"post_tag","embeddable":true,"href":"https:\/\/www.anamt.org.br\/portal\/wp-json\/wp\/v2\/tags?post=37827"}],"curies":[{"name":"wp","href":"https:\/\/api.w.org\/{rel}","templated":true}]}}