{"id":37701,"date":"2019-07-12T10:09:54","date_gmt":"2019-07-12T13:09:54","guid":{"rendered":"https:\/\/www.anamt.org.br\/portal\/?p=37701"},"modified":"2019-07-12T10:09:54","modified_gmt":"2019-07-12T13:09:54","slug":"diario-oficial-da-uniao-portaria-nomeia-coordenador-geral-de-sst","status":"publish","type":"post","link":"https:\/\/www.anamt.org.br\/portal\/2019\/07\/12\/diario-oficial-da-uniao-portaria-nomeia-coordenador-geral-de-sst\/","title":{"rendered":"Di\u00e1rio Oficial da Uni\u00e3o: Portaria nomeia Coordenador-Geral de SST"},"content":{"rendered":"<p>Foi publicado hoje, dia 9, no Di\u00e1rio Oficial da Uni\u00e3o, a <a href=\"http:\/\/www.protecao.com.br\/_system\/scripts\/download.php?file=upload\/protecao_galeriaarquivo\/1266.pdf\">Portaria n\u00ba 720, de 8 de julho<\/a>, que designa Marcelo Naegele, para exercer a fun\u00e7\u00e3o comissionada de Coordenador-Geral de Seguran\u00e7a e Sa\u00fade no Trabalho, da Subsecretaria de Inspe\u00e7\u00e3o do Trabalho da Secretaria de Trabalho, do Minist\u00e9rio da Economia. A portaria foi assinada pelo Secretaria Especial Adjunto de Previd\u00eancia de Trabalho, Bruno Bianco Leal.<\/p>\n<p><em>(Fonte: Revista Prote\u00e7\u00e3o)<\/em><\/p>\n","protected":false},"excerpt":{"rendered":"<p>Foi publicado hoje, dia 9, no Di\u00e1rio Oficial da Uni\u00e3o, a Portaria n\u00ba 720, de 8 de julho, que designa Marcelo Naegele, para exercer a fun\u00e7\u00e3o comissionada de Coordenador-Geral de Seguran\u00e7a e Sa\u00fade no Trabalho, da Subsecretaria de Inspe\u00e7\u00e3o do Trabalho da Secretaria de Trabalho, do Minist\u00e9rio da Economia. A portaria foi assinada pelo Secretaria [&hellip;]<\/p>\n","protected":false},"author":1,"featured_media":36854,"comment_status":"closed","ping_status":"closed","sticky":false,"template":"","format":"standard","meta":{"footnotes":""},"categories":[79],"tags":[],"_links":{"self":[{"href":"https:\/\/www.anamt.org.br\/portal\/wp-json\/wp\/v2\/posts\/37701"}],"collection":[{"href":"https:\/\/www.anamt.org.br\/portal\/wp-json\/wp\/v2\/posts"}],"about":[{"href":"https:\/\/www.anamt.org.br\/portal\/wp-json\/wp\/v2\/types\/post"}],"author":[{"embeddable":true,"href":"https:\/\/www.anamt.org.br\/portal\/wp-json\/wp\/v2\/users\/1"}],"replies":[{"embeddable":true,"href":"https:\/\/www.anamt.org.br\/portal\/wp-json\/wp\/v2\/comments?post=37701"}],"version-history":[{"count":0,"href":"https:\/\/www.anamt.org.br\/portal\/wp-json\/wp\/v2\/posts\/37701\/revisions"}],"wp:featuredmedia":[{"embeddable":true,"href":"https:\/\/www.anamt.org.br\/portal\/wp-json\/wp\/v2\/media\/36854"}],"wp:attachment":[{"href":"https:\/\/www.anamt.org.br\/portal\/wp-json\/wp\/v2\/media?parent=37701"}],"wp:term":[{"taxonomy":"category","embeddable":true,"href":"https:\/\/www.anamt.org.br\/portal\/wp-json\/wp\/v2\/categories?post=37701"},{"taxonomy":"post_tag","embeddable":true,"href":"https:\/\/www.anamt.org.br\/portal\/wp-json\/wp\/v2\/tags?post=37701"}],"curies":[{"name":"wp","href":"https:\/\/api.w.org\/{rel}","templated":true}]}}