{"id":37682,"date":"2019-07-08T15:36:21","date_gmt":"2019-07-08T18:36:21","guid":{"rendered":"https:\/\/www.anamt.org.br\/portal\/?p=37682"},"modified":"2019-07-08T15:43:18","modified_gmt":"2019-07-08T18:43:18","slug":"camara-aprova-projeto-contribuicao-adicional-de-empresa-ao-seguro-desemprego","status":"publish","type":"post","link":"https:\/\/www.anamt.org.br\/portal\/2019\/07\/08\/camara-aprova-projeto-contribuicao-adicional-de-empresa-ao-seguro-desemprego\/","title":{"rendered":"C\u00e2mara aprova contribui\u00e7\u00e3o adicional de empresa ao seguro-desemprego"},"content":{"rendered":"<div id=\"conteudoNoticia\">\n<p>A Comiss\u00e3o de Trabalho, de Administra\u00e7\u00e3o e Servi\u00e7o P\u00fablico aprovou proposta que estabelece crit\u00e9rio suplementar de financiamento do seguro-desemprego. Isso seria feito a partir da cobran\u00e7a de adicional sobre a al\u00edquota devida pelas empresas ao <span class=\"termoGlossario\" title=\"\" data-original-title=\"O Programa de Integra\u00e7\u00e3o Social (PIS) e o Programa de Forma\u00e7\u00e3o do Patrim\u00f4nio do Servidor P\u00fablico (Pasep) formam um \u00fanico fundo mantido pelas pessoas jur\u00eddicas, com exce\u00e7\u00e3o das micro e pequenas empresas optantes pelo regime tribut\u00e1rio Simples Nacional. As al\u00edquotas das contribui\u00e7\u00f5es variam de 0,65% a 1,65% sobre o total das receitas. Esses recursos s\u00e3o destinados aos trabalhadores em forma de rendimentos ou abonos salariais.\">PIS\/Pasep<\/span> nos casos em que a rotatividade de funcion\u00e1rios supere a m\u00e9dia do setor econ\u00f4mico no respectivo estado.<\/p>\n<p>O texto foi aprovado na forma de <span class=\"termoGlossario\" title=\"\" data-original-title=\"Nome que se d\u00e1 ao texto que altera substancialmente o conte\u00fado original da proposta. O substitutivo \u00e9 apresentado pelo relator e tem prefer\u00eancia na vota\u00e7\u00e3o sobre o projeto original.\">substitutivo<\/span> apresentado pela relatora, deputada Fl\u00e1via Morais (PDT-GO), ao Projeto de Lei <a href=\"https:\/\/www2.camara.leg.br\/camaranoticias\/noticias\/TRABALHO-E-PREVIDENCIA\/535836-PROJETO-REGULAMENTA-CONTRIBUICAO-ADICIONAL-DE-EMPRESA-AO-SEGURO-DESEMPREGO.html\" target=\"_blank\" rel=\"noopener\">1579\/15<\/a>, do deputado Andr\u00e9 Figueiredo (PDT-CE), e <span class=\"termoGlossario\" title=\"\" data-original-title=\"Instrumento regimental que permite a tramita\u00e7\u00e3o conjunta de proposi\u00e7\u00f5es do mesmo tipo que tratem de mat\u00e9ria id\u00eantica ou semelhante. O relator deve analisar todas as proposi\u00e7\u00f5es apensadas, mas oferecer\u00e1 somente um parecer. Se aprovar mais de um projeto apensado, o relator apresentar\u00e1 um texto substitutivo ao original. Poder\u00e1, ainda, recomendar a aprova\u00e7\u00e3o de um projeto apensado e a rejei\u00e7\u00e3o dos demais.\">apensado<\/span>. \u201cO m\u00e9rito de ambas as proposi\u00e7\u00f5es \u00e9 inquestion\u00e1vel\u201d, afirmou a parlamentar.<\/p>\n<p>A proposta regulamenta a previs\u00e3o, j\u00e1 existente na Constitui\u00e7\u00e3o de 1988, da contribui\u00e7\u00e3o adicional das empresas ao seguro-desemprego. O benef\u00edcio \u00e9 financiado pelo Fundo de Amparo ao Trabalhador (<span class=\"termoGlossario\" title=\"\" data-original-title=\"Fundo vinculado ao Minist\u00e9rio do Trabalho e Emprego, constitu\u00eddo principalmente com recursos do PIS\/Pasep. Destina-se ao custeio do Programa do Seguro-Desemprego, do Abono Salarial e ao financiamento de Programas de Desenvolvimento Econ\u00f4mico. Assim, o FAT busca proteger o trabalhador desempregado e gerar oportunidades de emprego e renda. O fundo \u00e9 gerido por um conselho deliberativo composto por representantes de trabalhadores, empregadores e governo.\">FAT<\/span>), que recebe aportes do PIS\/Pasep.<\/p>\n<h3>\u00cdndice de rotatividade<\/h3>\n<p>No substitutivo, a relatora define a f\u00f3rmula de c\u00e1lculo b\u00e1sica do \u00edndice de rotatividade, com base em dado j\u00e1 apurado pela Secretaria de Trabalho, \u00f3rg\u00e3o vinculado ao Minist\u00e9rio da Economia. O texto original delegava a tarefa ao extinto Minist\u00e9rio do Trabalho e Emprego.<\/p>\n<p>O substitutivo tamb\u00e9m altera a grada\u00e7\u00e3o das al\u00edquotas adicionais, limitando esse acr\u00e9scimo a 50% \u2013 o texto original previa at\u00e9 100% \u2013, al\u00e9m de considerar uma margem de toler\u00e2ncia de at\u00e9 10% para o desvio entre o \u00edndice de rotatividade na empresa e o setorial sem que haja a cobran\u00e7a extra.<\/p>\n<p>Outro ponto diz respeito aos empregadores isentos da contribui\u00e7\u00e3o adicional. O texto original previa isentar as micro e pequenas empresas. \u201cJulgo ser mais adequado isentar os empregadores com menos de cem empregados no ano-base, tendo em vista que, quanto menor o estoque de empregos, maior tender\u00e1 a ser o \u00edndice de rotatividade e sua volatilidade\u201d, disse a relatora.<\/p>\n<h3>Tramita\u00e7\u00e3o<\/h3>\n<p>O projeto ainda ser\u00e1 analisado pelas comiss\u00f5es de Finan\u00e7as e Tributa\u00e7\u00e3o; e de Constitui\u00e7\u00e3o e Justi\u00e7a e de Cidadania. Como foi <a href=\"https:\/\/www2.camara.leg.br\/camaranoticias\/noticias\/TRABALHO-E-PREVIDENCIA\/535837-COMISSAO-REJEITA-CONTRIBUICAO-ADICIONAL-DE-EMPRESA-AO-SEGURO-DESEMPREGO.html\" target=\"_blank\" rel=\"noopener\">rejeitado<\/a> pela Comiss\u00e3o de Desenvolvimento Econ\u00f4mico, Ind\u00fastria, Com\u00e9rcio e Servi\u00e7os, perdeu o <span class=\"termoGlossario\" title=\"\" data-original-title=\"Rito de tramita\u00e7\u00e3o pelo qual o projeto \u00e9 votado apenas pelas comiss\u00f5es designadas para analis\u00e1-lo, dispensada a delibera\u00e7\u00e3o do Plen\u00e1rio. O projeto perde o car\u00e1ter conclusivo se houver decis\u00e3o divergente entre as comiss\u00f5es ou se, independentemente de ser aprovado ou rejeitado, houver recurso assinado por 52 deputados para a aprecia\u00e7\u00e3o da mat\u00e9ria no Plen\u00e1rio.\">car\u00e1ter conclusivo<\/span> e agora ser\u00e1 analisado pelo Plen\u00e1rio.<\/p>\n<\/div>\n<div class=\"divBlocoContinuacao\">\n<div id=\"proposicao\">\n<h4>\u00cdntegra da proposta:<\/h4>\n<ul>\n<li><a href=\"https:\/\/www.camara.leg.br\/proposicoesWeb\/fichadetramitacao?idProposicao=1279356\">PL-1579\/2015<\/a><\/li>\n<\/ul>\n<p><em>(Fonte: C\u00e2mara Not\u00edcias)<\/em><\/p>\n<\/div>\n<\/div>\n","protected":false},"excerpt":{"rendered":"<p>A Comiss\u00e3o de Trabalho, de Administra\u00e7\u00e3o e Servi\u00e7o P\u00fablico aprovou proposta que estabelece crit\u00e9rio suplementar de financiamento do seguro-desemprego. Isso seria feito a partir da cobran\u00e7a de adicional sobre a al\u00edquota devida pelas empresas ao PIS\/Pasep nos casos em que a rotatividade de funcion\u00e1rios supere a m\u00e9dia do setor econ\u00f4mico no respectivo estado. O texto [&hellip;]<\/p>\n","protected":false},"author":1,"featured_media":36795,"comment_status":"closed","ping_status":"closed","sticky":false,"template":"","format":"standard","meta":{"footnotes":""},"categories":[79],"tags":[],"_links":{"self":[{"href":"https:\/\/www.anamt.org.br\/portal\/wp-json\/wp\/v2\/posts\/37682"}],"collection":[{"href":"https:\/\/www.anamt.org.br\/portal\/wp-json\/wp\/v2\/posts"}],"about":[{"href":"https:\/\/www.anamt.org.br\/portal\/wp-json\/wp\/v2\/types\/post"}],"author":[{"embeddable":true,"href":"https:\/\/www.anamt.org.br\/portal\/wp-json\/wp\/v2\/users\/1"}],"replies":[{"embeddable":true,"href":"https:\/\/www.anamt.org.br\/portal\/wp-json\/wp\/v2\/comments?post=37682"}],"version-history":[{"count":0,"href":"https:\/\/www.anamt.org.br\/portal\/wp-json\/wp\/v2\/posts\/37682\/revisions"}],"wp:featuredmedia":[{"embeddable":true,"href":"https:\/\/www.anamt.org.br\/portal\/wp-json\/wp\/v2\/media\/36795"}],"wp:attachment":[{"href":"https:\/\/www.anamt.org.br\/portal\/wp-json\/wp\/v2\/media?parent=37682"}],"wp:term":[{"taxonomy":"category","embeddable":true,"href":"https:\/\/www.anamt.org.br\/portal\/wp-json\/wp\/v2\/categories?post=37682"},{"taxonomy":"post_tag","embeddable":true,"href":"https:\/\/www.anamt.org.br\/portal\/wp-json\/wp\/v2\/tags?post=37682"}],"curies":[{"name":"wp","href":"https:\/\/api.w.org\/{rel}","templated":true}]}}