{"id":37664,"date":"2019-07-05T12:18:54","date_gmt":"2019-07-05T15:18:54","guid":{"rendered":"https:\/\/www.anamt.org.br\/portal\/?p=37664"},"modified":"2019-07-08T10:58:33","modified_gmt":"2019-07-08T13:58:33","slug":"diario-oficial-da-uniao-portaria-confirma-eventos-de-sst-no-esocial-para-2020","status":"publish","type":"post","link":"https:\/\/www.anamt.org.br\/portal\/2019\/07\/05\/diario-oficial-da-uniao-portaria-confirma-eventos-de-sst-no-esocial-para-2020\/","title":{"rendered":"Di\u00e1rio Oficial da Uni\u00e3o: Portaria confirma eventos de SST no eSocial para 2020"},"content":{"rendered":"<p>A Portaria 716, de 4 de julho de 2019, publicada hoje, dia 5 de julho, no Di\u00e1rio Oficial da Uni\u00e3o, disp\u00f5e sobre o cronograma de implanta\u00e7\u00e3o do Sistema de Escritura\u00e7\u00e3o Digital das Obriga\u00e7\u00f5es Fiscais, Previdenci\u00e1rias e Trabalhistas (eSocial). Assinada pelo secret\u00e1rio especial de Previd\u00eancia e Trabalho do Minist\u00e9rio da Economia, Rog\u00e9rio Marinho, a portaria consolida o cronograma de implanta\u00e7\u00e3o do eSocial e confirma as datas de in\u00edcio da vig\u00eancia do sistema desde janeiro de 2018 at\u00e9 janeiro de 2020 conforme estabelecido anteriormente.<\/p>\n<p>Com rela\u00e7\u00e3o \u00e0 presta\u00e7\u00e3o das informa\u00e7\u00f5es dos eventos relativos \u00e0 Sa\u00fade e Seguran\u00e7a do Trabalhador, o documento informa que o in\u00edcio ser\u00e1 em janeiro de 2020 para o primeiro Grupo, julho de 2020 para o segundo Grupo, janeiro de 2021 para o terceiro Grupo e julho de 2021 para o quarto Grupo.<\/p>\n<p>Diz ainda que ser\u00e3o divulgados posteriormente tratamento diferenciado, simplificado e favorecido para as microempresas e empresas de pequeno porte, MEIs com empregado, segurado especial e produtor rural. Finalmente garante que a presta\u00e7\u00e3o das informa\u00e7\u00f5es por meio do eSocial substituir\u00e1 a apresenta\u00e7\u00e3o das mesmas informa\u00e7\u00f5es por outros meios, mas que isto ser\u00e1 definido em ato pr\u00f3prio.<\/p>\n<p>Acesse a portaria na \u00edntegra <a href=\"http:\/\/www.in.gov.br\/en\/web\/dou\/-\/portaria-n-716-de-4-de-julho-de-2019-189613318\">aqui<\/a>.<\/p>\n<p><em>(Fonte: Revista Prote\u00e7\u00e3o)<\/em><\/p>\n","protected":false},"excerpt":{"rendered":"<p>A Portaria 716, de 4 de julho de 2019, publicada hoje, dia 5 de julho, no Di\u00e1rio Oficial da Uni\u00e3o, disp\u00f5e sobre o cronograma de implanta\u00e7\u00e3o do Sistema de Escritura\u00e7\u00e3o Digital das Obriga\u00e7\u00f5es Fiscais, Previdenci\u00e1rias e Trabalhistas (eSocial). Assinada pelo secret\u00e1rio especial de Previd\u00eancia e Trabalho do Minist\u00e9rio da Economia, Rog\u00e9rio Marinho, a portaria consolida [&hellip;]<\/p>\n","protected":false},"author":1,"featured_media":36457,"comment_status":"closed","ping_status":"closed","sticky":false,"template":"","format":"standard","meta":{"footnotes":""},"categories":[79],"tags":[],"_links":{"self":[{"href":"https:\/\/www.anamt.org.br\/portal\/wp-json\/wp\/v2\/posts\/37664"}],"collection":[{"href":"https:\/\/www.anamt.org.br\/portal\/wp-json\/wp\/v2\/posts"}],"about":[{"href":"https:\/\/www.anamt.org.br\/portal\/wp-json\/wp\/v2\/types\/post"}],"author":[{"embeddable":true,"href":"https:\/\/www.anamt.org.br\/portal\/wp-json\/wp\/v2\/users\/1"}],"replies":[{"embeddable":true,"href":"https:\/\/www.anamt.org.br\/portal\/wp-json\/wp\/v2\/comments?post=37664"}],"version-history":[{"count":0,"href":"https:\/\/www.anamt.org.br\/portal\/wp-json\/wp\/v2\/posts\/37664\/revisions"}],"wp:featuredmedia":[{"embeddable":true,"href":"https:\/\/www.anamt.org.br\/portal\/wp-json\/wp\/v2\/media\/36457"}],"wp:attachment":[{"href":"https:\/\/www.anamt.org.br\/portal\/wp-json\/wp\/v2\/media?parent=37664"}],"wp:term":[{"taxonomy":"category","embeddable":true,"href":"https:\/\/www.anamt.org.br\/portal\/wp-json\/wp\/v2\/categories?post=37664"},{"taxonomy":"post_tag","embeddable":true,"href":"https:\/\/www.anamt.org.br\/portal\/wp-json\/wp\/v2\/tags?post=37664"}],"curies":[{"name":"wp","href":"https:\/\/api.w.org\/{rel}","templated":true}]}}