{"id":37633,"date":"2019-07-02T19:44:12","date_gmt":"2019-07-02T22:44:12","guid":{"rendered":"https:\/\/www.anamt.org.br\/portal\/?p=37633"},"modified":"2019-07-02T19:53:17","modified_gmt":"2019-07-02T22:53:17","slug":"eleicoes-anamt-nota","status":"publish","type":"post","link":"https:\/\/www.anamt.org.br\/portal\/2019\/07\/02\/eleicoes-anamt-nota\/","title":{"rendered":"ANAMT desmente rumores sobre suposto cerceamento da disputa eleitoral"},"content":{"rendered":"<p>A ANAMT vem \u00e0 p\u00fablico comunicar que n\u00e3o s\u00e3o verdadeiras as acusa\u00e7\u00f5es de que a diretoria da Associa\u00e7\u00e3o est\u00e1 tentando cercear o direito \u00e0 disputa eleitoral para candidatos \u00e0 diretoria executiva. Em fun\u00e7\u00e3o da judicializa\u00e7\u00e3o do certame, a inclus\u00e3o do tema elei\u00e7\u00f5es na pauta da AGO realizada no dia 17 de maio, em Bras\u00edlia, foi decidida com um pouco mais de 24 horas de anteced\u00eancia. Isso cerceou a participa\u00e7\u00e3o de associados interessados em discuss\u00f5es fundamentais para o futuro da ANAMT.<\/p>\n<p>No dia 3 de junho, apresentamos \u00e0 Justi\u00e7a a ata da AGO, observando partes em que as discuss\u00f5es extrapolaram a decis\u00e3o judicial. O desembargador que trata dos recursos judiciais se posicionou favor\u00e1vel ao cumprimento de nova Assembleia Geral, desta vez Extraordin\u00e1ria, convocada especificamente sobre o tema. Isso preservaria os direitos de todos os associados de serem informados com a devida anteced\u00eancia, atrav\u00e9s de ampla publicidade, sobre a relev\u00e2ncia do tema, possibilitando a participa\u00e7\u00e3o daqueles que n\u00e3o estavam presentes na \u00faltima assembleia e que n\u00e3o puderam posicionar-se a respeito do assunto.<\/p>\n<p>Para que o processo eleitoral em curso n\u00e3o seja prejudicado, optamos por manter o calend\u00e1rio eleitoral com todas as chapas inscritas. Convidamos, inclusive, as partes que mant\u00eam processos contra a ANAMT para reuni\u00e3o de concilia\u00e7\u00e3o. Ao longo desse processo, os esfor\u00e7os da Comiss\u00e3o Eleitoral para a produ\u00e7\u00e3o do \u00faltimo edital, a intermedia\u00e7\u00e3o com as chapas e a normalidade do processo eleitoral refor\u00e7am nosso compromisso.<\/p>\n<p>Desde o princ\u00edpio, toda a atua\u00e7\u00e3o da ANAMT tem sido no sentido de preservar o esp\u00edrito associativo e os direitos dos associados. O processo democr\u00e1tico foi repetidamente atacado em todas as tentativas anteriores de cancelar a elei\u00e7\u00e3o \u00e0 dist\u00e2ncia, restringindo-a apenas aos presentes no Congresso, manobras para evitar a concorr\u00eancia e realiza\u00e7\u00e3o de reuni\u00f5es irregulares devidamente anuladas pela justi\u00e7a.<\/p>\n<p>A atual diretoria da Associa\u00e7\u00e3o se empenhou nos \u00faltimos meses para que a ANAMT tenha a sua primeira elei\u00e7\u00e3o \u00e0 dist\u00e2ncia, em que todos os associados ter\u00e3o direito ao voto, independentemente de estarem presentes ou n\u00e3o ao congresso \u2013 o que reitera nosso comprometimento com um ambiente democr\u00e1tico. Estamos do lado do direito do associado de escolher o futuro da entidade, sempre respeitando os ritos previstos no estatuto.<\/p>\n","protected":false},"excerpt":{"rendered":"<p>A ANAMT vem \u00e0 p\u00fablico comunicar que n\u00e3o s\u00e3o verdadeiras as acusa\u00e7\u00f5es de que a diretoria da Associa\u00e7\u00e3o est\u00e1 tentando cercear o direito \u00e0 disputa eleitoral para candidatos \u00e0 diretoria executiva. Em fun\u00e7\u00e3o da judicializa\u00e7\u00e3o do certame, a inclus\u00e3o do tema elei\u00e7\u00f5es na pauta da AGO realizada no dia 17 de maio, em Bras\u00edlia, foi [&hellip;]<\/p>\n","protected":false},"author":1,"featured_media":36340,"comment_status":"closed","ping_status":"closed","sticky":false,"template":"","format":"standard","meta":{"footnotes":""},"categories":[220],"tags":[],"_links":{"self":[{"href":"https:\/\/www.anamt.org.br\/portal\/wp-json\/wp\/v2\/posts\/37633"}],"collection":[{"href":"https:\/\/www.anamt.org.br\/portal\/wp-json\/wp\/v2\/posts"}],"about":[{"href":"https:\/\/www.anamt.org.br\/portal\/wp-json\/wp\/v2\/types\/post"}],"author":[{"embeddable":true,"href":"https:\/\/www.anamt.org.br\/portal\/wp-json\/wp\/v2\/users\/1"}],"replies":[{"embeddable":true,"href":"https:\/\/www.anamt.org.br\/portal\/wp-json\/wp\/v2\/comments?post=37633"}],"version-history":[{"count":0,"href":"https:\/\/www.anamt.org.br\/portal\/wp-json\/wp\/v2\/posts\/37633\/revisions"}],"wp:featuredmedia":[{"embeddable":true,"href":"https:\/\/www.anamt.org.br\/portal\/wp-json\/wp\/v2\/media\/36340"}],"wp:attachment":[{"href":"https:\/\/www.anamt.org.br\/portal\/wp-json\/wp\/v2\/media?parent=37633"}],"wp:term":[{"taxonomy":"category","embeddable":true,"href":"https:\/\/www.anamt.org.br\/portal\/wp-json\/wp\/v2\/categories?post=37633"},{"taxonomy":"post_tag","embeddable":true,"href":"https:\/\/www.anamt.org.br\/portal\/wp-json\/wp\/v2\/tags?post=37633"}],"curies":[{"name":"wp","href":"https:\/\/api.w.org\/{rel}","templated":true}]}}