{"id":37598,"date":"2019-06-28T10:48:28","date_gmt":"2019-06-28T13:48:28","guid":{"rendered":"https:\/\/www.anamt.org.br\/portal\/?p=37598"},"modified":"2019-06-28T10:52:24","modified_gmt":"2019-06-28T13:52:24","slug":"seminario-de-simplificacao-do-esocial-definido-novo-cronograma-para-layouts-de-sst","status":"publish","type":"post","link":"https:\/\/www.anamt.org.br\/portal\/2019\/06\/28\/seminario-de-simplificacao-do-esocial-definido-novo-cronograma-para-layouts-de-sst\/","title":{"rendered":"Semin\u00e1rio de simplifica\u00e7\u00e3o do eSocial: definido novo cronograma para SST"},"content":{"rendered":"<div>\n<p>Aconteceu em Bras\u00edlia de 16 a 19 de junho, na ENAP &#8211; Escola Nacional de Administra\u00e7\u00e3o P\u00fablica, um encontro entre representantes dos entes envolvidos com o eSocial para que fossem definidas as mudan\u00e7as previstas para a simplifica\u00e7\u00e3o da plataforma.<\/p>\n<p>Estava na pauta dos debatedores a revis\u00e3o de todo o leiaute, de forma a eliminar informa\u00e7\u00f5es redundantes ou que j\u00e1 constem nas bases dos \u00f3rg\u00e3os; a otimiza\u00e7\u00e3o dos eventos, com a exclus\u00e3o de campos; e a melhoria dos m\u00f3dulos web, de acordo com pesquisas feitas com usu\u00e1rios, com foco na usabilidade e facilidade.<\/p>\n<p>Tamb\u00e9m foi tratada a substitui\u00e7\u00e3o das obriga\u00e7\u00f5es, com o intuito de identificar os pontos que precisam ser resolvidos de maneira a acelerar o processo.<\/p>\n<p>Como resultado preliminar j\u00e1 foram decididas as seguintes altera\u00e7\u00f5es:<\/p>\n<p>Dos 38 eventos obrigat\u00f3rios no eSocial para as empresas, ao menos 10 ser\u00e3o permanentemente eliminados e muitos dos quase dois mil campos exigidos tamb\u00e9m ser\u00e3o exclu\u00eddos.<\/p>\n<p>No evento de admiss\u00e3o, muitos campos antes facultativos, mas que geram d\u00favida no preenchimento, ser\u00e3o eliminados, como os grupos de CNH, CTPS, RIC, RG, NIS e RNE.<\/p>\n<p>No cadastro empresarial e de estabelecimentos ser\u00e3o exclu\u00eddas as informa\u00e7\u00f5es de raz\u00e3o social, indicativos de cumprimento de cotas de aprendizagem e PCD, indicativo de ser empresa de trabalho tempor\u00e1rio, modalidade de registro de ponto, entre outros.<\/p>\n<p>Em acr\u00e9scimo \u00e0 elimina\u00e7\u00e3o de campos, ser\u00e3o retiradas muitas regras de valida\u00e7\u00e3o, para facilitar a presta\u00e7\u00e3o da informa\u00e7\u00e3o.<\/p>\n<h3>Cronograma<\/h3>\n<p>Foi definida a prorroga\u00e7\u00e3o por mais 06 (seis) meses para in\u00edcio da obrigatoriedade de envio dos eventos peri\u00f3dicos para as empresas constantes no Grupo 3 e de todos os eventos de SST &#8211; Seguran\u00e7a e Sa\u00fade no Trabalho. Veja as novas datas:<\/p>\n<table class=\"listing\">\n<tbody>\n<tr>\n<td>\n<p align=\"center\"><b>Evento<\/b><\/p>\n<\/td>\n<td>\n<p align=\"center\"><b>Nova data de obrigatoriedade<\/b><\/p>\n<\/td>\n<\/tr>\n<tr>\n<td>Eventos peri\u00f3dicos &#8211; Grupo 3<\/td>\n<td rowspan=\"2\">\n<p align=\"center\">Janeiro\/2020<\/p>\n<\/td>\n<\/tr>\n<tr>\n<td>Eventos de SST \u2013\u00a0 Grupo 1<\/td>\n<\/tr>\n<tr>\n<td>Eventos de SST \u2013\u00a0 Grupo 2<\/td>\n<td>\n<p align=\"center\">Julho\/2020<\/p>\n<\/td>\n<\/tr>\n<tr>\n<td>Eventos de SST \u2013\u00a0 Grupo 3<\/td>\n<td>\n<p align=\"center\">Janeiro\/2021<\/p>\n<\/td>\n<\/tr>\n<\/tbody>\n<\/table>\n<p>A publica\u00e7\u00e3o do novo calend\u00e1rio dever\u00e1 ocorrer ap\u00f3s o dia 28 de junho, quando passa a vigorar a nova composi\u00e7\u00e3o do Comit\u00ea Gestor do eSocial, conforme Portaria n\u00ba 300, de 2019.<\/p>\n<p><em>(Fonte: Portal do eSocial)<\/em><\/p>\n<\/div>\n","protected":false},"excerpt":{"rendered":"<p>Aconteceu em Bras\u00edlia de 16 a 19 de junho, na ENAP &#8211; Escola Nacional de Administra\u00e7\u00e3o P\u00fablica, um encontro entre representantes dos entes envolvidos com o eSocial para que fossem definidas as mudan\u00e7as previstas para a simplifica\u00e7\u00e3o da plataforma. Estava na pauta dos debatedores a revis\u00e3o de todo o leiaute, de forma a eliminar informa\u00e7\u00f5es [&hellip;]<\/p>\n","protected":false},"author":1,"featured_media":36457,"comment_status":"closed","ping_status":"closed","sticky":false,"template":"","format":"standard","meta":{"footnotes":""},"categories":[79],"tags":[],"_links":{"self":[{"href":"https:\/\/www.anamt.org.br\/portal\/wp-json\/wp\/v2\/posts\/37598"}],"collection":[{"href":"https:\/\/www.anamt.org.br\/portal\/wp-json\/wp\/v2\/posts"}],"about":[{"href":"https:\/\/www.anamt.org.br\/portal\/wp-json\/wp\/v2\/types\/post"}],"author":[{"embeddable":true,"href":"https:\/\/www.anamt.org.br\/portal\/wp-json\/wp\/v2\/users\/1"}],"replies":[{"embeddable":true,"href":"https:\/\/www.anamt.org.br\/portal\/wp-json\/wp\/v2\/comments?post=37598"}],"version-history":[{"count":0,"href":"https:\/\/www.anamt.org.br\/portal\/wp-json\/wp\/v2\/posts\/37598\/revisions"}],"wp:featuredmedia":[{"embeddable":true,"href":"https:\/\/www.anamt.org.br\/portal\/wp-json\/wp\/v2\/media\/36457"}],"wp:attachment":[{"href":"https:\/\/www.anamt.org.br\/portal\/wp-json\/wp\/v2\/media?parent=37598"}],"wp:term":[{"taxonomy":"category","embeddable":true,"href":"https:\/\/www.anamt.org.br\/portal\/wp-json\/wp\/v2\/categories?post=37598"},{"taxonomy":"post_tag","embeddable":true,"href":"https:\/\/www.anamt.org.br\/portal\/wp-json\/wp\/v2\/tags?post=37598"}],"curies":[{"name":"wp","href":"https:\/\/api.w.org\/{rel}","templated":true}]}}