{"id":37595,"date":"2019-06-27T17:03:08","date_gmt":"2019-06-27T20:03:08","guid":{"rendered":"https:\/\/www.anamt.org.br\/portal\/?p=37595"},"modified":"2019-06-27T17:03:08","modified_gmt":"2019-06-27T20:03:08","slug":"eleicoes-anamt-divulgadas-chapas-e-candidatos-ao-conselho-fiscal","status":"publish","type":"post","link":"https:\/\/www.anamt.org.br\/portal\/2019\/06\/27\/eleicoes-anamt-divulgadas-chapas-e-candidatos-ao-conselho-fiscal\/","title":{"rendered":"Elei\u00e7\u00f5es ANAMT: divulgadas chapas e candidatos ao conselho fiscal"},"content":{"rendered":"<p>Ap\u00f3s as inscri\u00e7\u00f5es, a nova comiss\u00e3o eleitoral da ANAMT divulgou as chapas inscritas para o pleito e os candidatos ao conselho fiscal. As listas podem ser vistas abaixo:<\/p>\n<p><a href=\"https:\/\/www.anamt.org.br\/portal\/wp-content\/uploads\/2019\/06\/Chapa-Federadas-Unidas.pdf\" target=\"_blank\" rel=\"noopener\">Chapa Federadas Unidas<\/a><\/p>\n<p><a href=\"https:\/\/www.anamt.org.br\/portal\/wp-content\/uploads\/2019\/06\/Chapa-Mais-Tecnica-e-Mais-Perto-de-Voce.pdf\" target=\"_blank\" rel=\"noopener\">Chapa Mais T\u00e9cnica e Mais Perto de Voc\u00ea<\/a><\/p>\n<p><a href=\"https:\/\/www.anamt.org.br\/portal\/wp-content\/uploads\/2019\/06\/Candidatos-Conselho-Fiscal.pdf\" target=\"_blank\" rel=\"noopener\">Conselho Fiscal<\/a><\/p>\n<p>As elei\u00e7\u00f5es ocorrer\u00e3o por correspond\u00eancia, exclusivamente para associados quites com anuidade da ANAMT e associados jubilados. Mais informa\u00e7\u00f5es, no <a href=\"https:\/\/www.anamt.org.br\/portal\/wp-content\/uploads\/2019\/06\/EDITAL-ANAMT-APROVADO-CD.pdf\" target=\"_blank\" rel=\"noopener\">edital<\/a> das elei\u00e7\u00f5es.<\/p>\n","protected":false},"excerpt":{"rendered":"<p>Ap\u00f3s as inscri\u00e7\u00f5es, a nova comiss\u00e3o eleitoral da ANAMT divulgou as chapas inscritas para o pleito e os candidatos ao conselho fiscal. As listas podem ser vistas abaixo: Chapa Federadas Unidas Chapa Mais T\u00e9cnica e Mais Perto de Voc\u00ea Conselho Fiscal As elei\u00e7\u00f5es ocorrer\u00e3o por correspond\u00eancia, exclusivamente para associados quites com anuidade da ANAMT e [&hellip;]<\/p>\n","protected":false},"author":1,"featured_media":36340,"comment_status":"closed","ping_status":"closed","sticky":false,"template":"","format":"standard","meta":{"footnotes":""},"categories":[220],"tags":[],"_links":{"self":[{"href":"https:\/\/www.anamt.org.br\/portal\/wp-json\/wp\/v2\/posts\/37595"}],"collection":[{"href":"https:\/\/www.anamt.org.br\/portal\/wp-json\/wp\/v2\/posts"}],"about":[{"href":"https:\/\/www.anamt.org.br\/portal\/wp-json\/wp\/v2\/types\/post"}],"author":[{"embeddable":true,"href":"https:\/\/www.anamt.org.br\/portal\/wp-json\/wp\/v2\/users\/1"}],"replies":[{"embeddable":true,"href":"https:\/\/www.anamt.org.br\/portal\/wp-json\/wp\/v2\/comments?post=37595"}],"version-history":[{"count":0,"href":"https:\/\/www.anamt.org.br\/portal\/wp-json\/wp\/v2\/posts\/37595\/revisions"}],"wp:featuredmedia":[{"embeddable":true,"href":"https:\/\/www.anamt.org.br\/portal\/wp-json\/wp\/v2\/media\/36340"}],"wp:attachment":[{"href":"https:\/\/www.anamt.org.br\/portal\/wp-json\/wp\/v2\/media?parent=37595"}],"wp:term":[{"taxonomy":"category","embeddable":true,"href":"https:\/\/www.anamt.org.br\/portal\/wp-json\/wp\/v2\/categories?post=37595"},{"taxonomy":"post_tag","embeddable":true,"href":"https:\/\/www.anamt.org.br\/portal\/wp-json\/wp\/v2\/tags?post=37595"}],"curies":[{"name":"wp","href":"https:\/\/api.w.org\/{rel}","templated":true}]}}