{"id":37501,"date":"2019-06-12T11:14:13","date_gmt":"2019-06-12T14:14:13","guid":{"rendered":"https:\/\/www.anamt.org.br\/portal\/?p=37501"},"modified":"2019-06-12T17:00:06","modified_gmt":"2019-06-12T20:00:06","slug":"eleicoes-anamt-novo-edital-do-pleito-e-divulgado","status":"publish","type":"post","link":"https:\/\/www.anamt.org.br\/portal\/2019\/06\/12\/eleicoes-anamt-novo-edital-do-pleito-e-divulgado\/","title":{"rendered":"Elei\u00e7\u00f5es ANAMT: novo edital para inscri\u00e7\u00e3o das chapas \u00e9 divulgado"},"content":{"rendered":"<p>A nova comiss\u00e3o eleitoral da ANAMT divulgou o edital das elei\u00e7\u00f5es para a diretoria executiva e conselho fiscal da Associa\u00e7\u00e3o. Os candidatos poder\u00e3o se inscrever entre as 9h do dia 13 de junho at\u00e9 \u00e0s 17h do dia 15 de junho. O documento pode ser consultado <a href=\"https:\/\/www.anamt.org.br\/portal\/wp-content\/uploads\/2019\/06\/EDITAL-ANAMT-APROVADO-CD.pdf\" target=\"_blank\" rel=\"noopener\"><strong>aqui<\/strong><\/a>. O documento para requerimento de inscri\u00e7\u00e3o da chapa est\u00e1 dispon\u00edvel <a href=\"https:\/\/www.anamt.org.br\/portal\/wp-content\/uploads\/2019\/06\/Requerimento-de-Inscri%C3%A7%C3%A3o-2019.2022-2.pdf\" target=\"_blank\" rel=\"noopener\"><strong>aqui<\/strong><\/a> e o Termo de\u00a0Aquiesc\u00eancia, <a href=\"https:\/\/www.anamt.org.br\/portal\/wp-content\/uploads\/2019\/06\/Termo-de-Aquiesc%C3%AAncia-2019.2022-1.pdf\" target=\"_blank\" rel=\"noopener\"><strong>aqui<\/strong><\/a>.<\/p>\n","protected":false},"excerpt":{"rendered":"<p>A nova comiss\u00e3o eleitoral da ANAMT divulgou o edital das elei\u00e7\u00f5es para a diretoria executiva e conselho fiscal da Associa\u00e7\u00e3o. Os candidatos poder\u00e3o se inscrever entre as 9h do dia 13 de junho at\u00e9 \u00e0s 17h do dia 15 de junho. O documento pode ser consultado aqui. O documento para requerimento de inscri\u00e7\u00e3o da chapa [&hellip;]<\/p>\n","protected":false},"author":1,"featured_media":36340,"comment_status":"closed","ping_status":"closed","sticky":false,"template":"","format":"standard","meta":{"footnotes":""},"categories":[220],"tags":[],"_links":{"self":[{"href":"https:\/\/www.anamt.org.br\/portal\/wp-json\/wp\/v2\/posts\/37501"}],"collection":[{"href":"https:\/\/www.anamt.org.br\/portal\/wp-json\/wp\/v2\/posts"}],"about":[{"href":"https:\/\/www.anamt.org.br\/portal\/wp-json\/wp\/v2\/types\/post"}],"author":[{"embeddable":true,"href":"https:\/\/www.anamt.org.br\/portal\/wp-json\/wp\/v2\/users\/1"}],"replies":[{"embeddable":true,"href":"https:\/\/www.anamt.org.br\/portal\/wp-json\/wp\/v2\/comments?post=37501"}],"version-history":[{"count":0,"href":"https:\/\/www.anamt.org.br\/portal\/wp-json\/wp\/v2\/posts\/37501\/revisions"}],"wp:featuredmedia":[{"embeddable":true,"href":"https:\/\/www.anamt.org.br\/portal\/wp-json\/wp\/v2\/media\/36340"}],"wp:attachment":[{"href":"https:\/\/www.anamt.org.br\/portal\/wp-json\/wp\/v2\/media?parent=37501"}],"wp:term":[{"taxonomy":"category","embeddable":true,"href":"https:\/\/www.anamt.org.br\/portal\/wp-json\/wp\/v2\/categories?post=37501"},{"taxonomy":"post_tag","embeddable":true,"href":"https:\/\/www.anamt.org.br\/portal\/wp-json\/wp\/v2\/tags?post=37501"}],"curies":[{"name":"wp","href":"https:\/\/api.w.org\/{rel}","templated":true}]}}