{"id":37489,"date":"2019-06-11T15:02:25","date_gmt":"2019-06-11T18:02:25","guid":{"rendered":"https:\/\/www.anamt.org.br\/portal\/?p=37489"},"modified":"2019-06-11T15:11:16","modified_gmt":"2019-06-11T18:11:16","slug":"governo-planeja-acabar-com-esocial-e-criar-novo-sistema","status":"publish","type":"post","link":"https:\/\/www.anamt.org.br\/portal\/2019\/06\/11\/governo-planeja-acabar-com-esocial-e-criar-novo-sistema\/","title":{"rendered":"Governo planeja acabar com eSocial e criar uma nova plataforma"},"content":{"rendered":"<div class=\"content\">\n<div class=\"moz-reader-content line-height4 reader-show-element\">\n<div id=\"readability-page-1\" class=\"page\">\n<div data-share-text=\"\" data-news-content-text=\"\" data-disable-copy=\"\" data-continue-reading=\"\" data-continue-reading-hide-others=\".js-continue-reading-hidden\">\n<p>O governo planeja acabar ainda neste ano com o eSocial\u00a0(Sistema de Escritura\u00e7\u00e3o Digital das Obriga\u00e7\u00f5es Fiscais, Previdenci\u00e1rias e Trabalhistas), plataforma em que empregadores devem fornecer ao governo informa\u00e7\u00f5es sobre seus empregados. A avalia\u00e7\u00e3o \u00e9 que o sistema, criado para simplificar o fornecimento dos dados, acabou complicando a rotina de quem contrata.<\/p>\n<p>Criado por meio de um decreto em 2014, durante o governo de Dilma Rousseff, o eSocial come\u00e7ou a ser implementado em 2018. Ele exige de empregadores dados dos trabalhadores como v\u00ednculos, contribui\u00e7\u00f5es previdenci\u00e1rias, folha de pagamento, comunica\u00e7\u00f5es de acidente de trabalho, aviso pr\u00e9vio, escritura\u00e7\u00f5es fiscais e informa\u00e7\u00f5es sobre o FGTS. Precisam fornecer as informa\u00e7\u00f5es desde pessoas f\u00edsicas que tenham empregados a grandes empresas.<\/p>\n<p>O secret\u00e1rio especial de Produtividade, Emprego e Competitividade do Minist\u00e9rio da Economia, Carlos Alexandre da Costa, afirmou que o sistema atual \u00e9 complexo e \u201csocialista\u201d.<\/p>\n<p>\u201c\u00c9 um sistema socialista, de controle de m\u00e3o-de-obra e que as empresas n\u00e3o aguentam mais. Uma complexidade nefasta. A ideia \u00e9 a gente acabar com o eSocial e ter um novo sistema bastante simplificado\u201d, afirmou.<\/p>\n<p>A ideia \u00e9 compartilhada por outros secret\u00e1rios do minist\u00e9rio, que acreditam que o sistema representa um controle do Estado sobre informa\u00e7\u00f5es e at\u00e9 sobre a privacidade de trabalhadores.<\/p>\n<p>Costa afirma que o eSocial foi criado para simplificar a vida do empregador, mas tornou a rotina de quem contrata \u201cum inferno\u201d principalmente pela quantidade de informa\u00e7\u00f5es demandadas. Segundo ele, em alguns casos s\u00e3o demandadas 1.800 informa\u00e7\u00f5es.<\/p>\n<p>\u201cPor exemplo, t\u00edtulo de eleitor. Desnecess\u00e1rio, porque j\u00e1 tem o CPF do empregado. Dessas 1.800, mais da metade s\u00e3o desnecess\u00e1rias. \u00c9 um inferno isso. Virou um monstro\u201d, afirmou.<\/p>\n<p>Al\u00e9m disso, ele defende que muitas informa\u00e7\u00f5es precisam ser preenchidas mais de uma vez.<\/p>\n<p>\u201cH\u00e1 muita informa\u00e7\u00e3o repetida que o governo j\u00e1 tem e que a empresa precisa digitar v\u00e1rias vezes no mesmo sistema. O sistema falha, o sistema usu\u00e1rio \u00e9 ruim. \u00c9 tudo de ruim. Vamos acabar com o eSocial e criar um sistema muito mais simples, \u00e1gil, com foco na empresa&#8221;, disse.<\/p>\n<p>Apesar disso, ele afirma que o governo vai continuar exigindo informa\u00e7\u00f5es que julgue necess\u00e1rias. \u201cN\u00e3o queremos afetar nenhuma informa\u00e7\u00e3o que seja \u00fatil para as pol\u00edticas p\u00fablicas. Isso \u00e9 important\u00edssimo. Mas [acabar com] aquelas que s\u00e3o necess\u00e1rias e repetitivas\u201d, disse.<\/p>\n<p><em>(Fonte: Folha de S. Paulo)<\/em><\/p>\n<\/div>\n<\/div>\n<\/div>\n<\/div>\n","protected":false},"excerpt":{"rendered":"<p>O governo planeja acabar ainda neste ano com o eSocial\u00a0(Sistema de Escritura\u00e7\u00e3o Digital das Obriga\u00e7\u00f5es Fiscais, Previdenci\u00e1rias e Trabalhistas), plataforma em que empregadores devem fornecer ao governo informa\u00e7\u00f5es sobre seus empregados. A avalia\u00e7\u00e3o \u00e9 que o sistema, criado para simplificar o fornecimento dos dados, acabou complicando a rotina de quem contrata. Criado por meio de [&hellip;]<\/p>\n","protected":false},"author":1,"featured_media":30872,"comment_status":"closed","ping_status":"closed","sticky":false,"template":"","format":"standard","meta":{"footnotes":""},"categories":[79],"tags":[],"_links":{"self":[{"href":"https:\/\/www.anamt.org.br\/portal\/wp-json\/wp\/v2\/posts\/37489"}],"collection":[{"href":"https:\/\/www.anamt.org.br\/portal\/wp-json\/wp\/v2\/posts"}],"about":[{"href":"https:\/\/www.anamt.org.br\/portal\/wp-json\/wp\/v2\/types\/post"}],"author":[{"embeddable":true,"href":"https:\/\/www.anamt.org.br\/portal\/wp-json\/wp\/v2\/users\/1"}],"replies":[{"embeddable":true,"href":"https:\/\/www.anamt.org.br\/portal\/wp-json\/wp\/v2\/comments?post=37489"}],"version-history":[{"count":0,"href":"https:\/\/www.anamt.org.br\/portal\/wp-json\/wp\/v2\/posts\/37489\/revisions"}],"wp:featuredmedia":[{"embeddable":true,"href":"https:\/\/www.anamt.org.br\/portal\/wp-json\/wp\/v2\/media\/30872"}],"wp:attachment":[{"href":"https:\/\/www.anamt.org.br\/portal\/wp-json\/wp\/v2\/media?parent=37489"}],"wp:term":[{"taxonomy":"category","embeddable":true,"href":"https:\/\/www.anamt.org.br\/portal\/wp-json\/wp\/v2\/categories?post=37489"},{"taxonomy":"post_tag","embeddable":true,"href":"https:\/\/www.anamt.org.br\/portal\/wp-json\/wp\/v2\/tags?post=37489"}],"curies":[{"name":"wp","href":"https:\/\/api.w.org\/{rel}","templated":true}]}}