{"id":37459,"date":"2019-06-07T09:05:56","date_gmt":"2019-06-07T12:05:56","guid":{"rendered":"https:\/\/www.anamt.org.br\/portal\/?p=37459"},"modified":"2019-06-07T13:07:42","modified_gmt":"2019-06-07T16:07:42","slug":"esocial-nova-pagina-com-historico-de-melhorias-e-correcoes","status":"publish","type":"post","link":"https:\/\/www.anamt.org.br\/portal\/2019\/06\/07\/esocial-nova-pagina-com-historico-de-melhorias-e-correcoes\/","title":{"rendered":"eSocial: nova p\u00e1gina com hist\u00f3rico de melhorias e corre\u00e7\u00f5es"},"content":{"rendered":"<div>\n<p class=\" \">Foi disponibilizada pela equipe t\u00e9cnica nova <a class=\"external-link\" title=\"\" href=\"http:\/\/portal.esocial.gov.br\/institucional\/documentacao-tecnica\/versoes-do-sistema\" target=\"_self\">p\u00e1gina<\/a> no portal do eSocial com o hist\u00f3rico de vers\u00f5es do sistema, que traz as descri\u00e7\u00f5es das melhorias e corre\u00e7\u00f5es implementadas. Desta forma, os desenvolvedores e usu\u00e1rios poder\u00e3o se informar sobre as notas das vers\u00f5es e as datas de sua implanta\u00e7\u00e3o, o que facilita o ajuste de seus pr\u00f3prios sistemas.<\/p>\n<p><em>(Fonte: Portal do eSocial)<\/em><\/p>\n<\/div>\n","protected":false},"excerpt":{"rendered":"<p>Foi disponibilizada pela equipe t\u00e9cnica nova p\u00e1gina no portal do eSocial com o hist\u00f3rico de vers\u00f5es do sistema, que traz as descri\u00e7\u00f5es das melhorias e corre\u00e7\u00f5es implementadas. Desta forma, os desenvolvedores e usu\u00e1rios poder\u00e3o se informar sobre as notas das vers\u00f5es e as datas de sua implanta\u00e7\u00e3o, o que facilita o ajuste de seus pr\u00f3prios [&hellip;]<\/p>\n","protected":false},"author":1,"featured_media":32195,"comment_status":"closed","ping_status":"closed","sticky":false,"template":"","format":"standard","meta":{"footnotes":""},"categories":[79],"tags":[],"_links":{"self":[{"href":"https:\/\/www.anamt.org.br\/portal\/wp-json\/wp\/v2\/posts\/37459"}],"collection":[{"href":"https:\/\/www.anamt.org.br\/portal\/wp-json\/wp\/v2\/posts"}],"about":[{"href":"https:\/\/www.anamt.org.br\/portal\/wp-json\/wp\/v2\/types\/post"}],"author":[{"embeddable":true,"href":"https:\/\/www.anamt.org.br\/portal\/wp-json\/wp\/v2\/users\/1"}],"replies":[{"embeddable":true,"href":"https:\/\/www.anamt.org.br\/portal\/wp-json\/wp\/v2\/comments?post=37459"}],"version-history":[{"count":0,"href":"https:\/\/www.anamt.org.br\/portal\/wp-json\/wp\/v2\/posts\/37459\/revisions"}],"wp:featuredmedia":[{"embeddable":true,"href":"https:\/\/www.anamt.org.br\/portal\/wp-json\/wp\/v2\/media\/32195"}],"wp:attachment":[{"href":"https:\/\/www.anamt.org.br\/portal\/wp-json\/wp\/v2\/media?parent=37459"}],"wp:term":[{"taxonomy":"category","embeddable":true,"href":"https:\/\/www.anamt.org.br\/portal\/wp-json\/wp\/v2\/categories?post=37459"},{"taxonomy":"post_tag","embeddable":true,"href":"https:\/\/www.anamt.org.br\/portal\/wp-json\/wp\/v2\/tags?post=37459"}],"curies":[{"name":"wp","href":"https:\/\/api.w.org\/{rel}","templated":true}]}}