{"id":37457,"date":"2019-06-07T13:05:33","date_gmt":"2019-06-07T16:05:33","guid":{"rendered":"https:\/\/www.anamt.org.br\/portal\/?p=37457"},"modified":"2019-06-07T13:05:33","modified_gmt":"2019-06-07T16:05:33","slug":"esocial-comite-gestor-confirma-mudanca-no-prazo-de-envio-de-eventos","status":"publish","type":"post","link":"https:\/\/www.anamt.org.br\/portal\/2019\/06\/07\/esocial-comite-gestor-confirma-mudanca-no-prazo-de-envio-de-eventos\/","title":{"rendered":"eSocial: Comit\u00ea Gestor confirma mudan\u00e7a no prazo de envio de eventos"},"content":{"rendered":"<div>\n<p class=\" \">O Comit\u00ea Gestor do eSocial definiu que, <b><i>durante o per\u00edodo de implanta\u00e7\u00e3o do eSocial<\/i><\/b>, o prazo de envio dos eventos que vencem no dia 07 do m\u00eas seguinte ao da compet\u00eancia informada, incluindo o fechamento de folha (S-1299), <strong>passar\u00e1 para o dia 15 de cada m\u00eas<\/strong>. A altera\u00e7\u00e3o j\u00e1 vale para os eventos relativos \u00e0 compet\u00eancia maio\/2019, que vencem em junho.<\/p>\n<blockquote>\n<p class=\"callout\"><strong>ATUALIZA\u00c7\u00c3O (06\/06\/2019 \u00e0s 17h37min):<\/strong>\u00a0a formaliza\u00e7\u00e3o dos novos prazos dos eventos previstos no <a class=\"internal-link\" title=\"\" href=\"http:\/\/portal.esocial.gov.br\/institucional\/documentacao-tecnica\" target=\"_blank\" rel=\"noopener\">MOS <\/a>ocorreu com a publica\u00e7\u00e3o da <a class=\"internal-link\" title=\"\" href=\"http:\/\/portal.esocial.gov.br\/manuais\/nota-orientativa-018-2019-prazo-de-envio-de-eventos.pdf\" target=\"_blank\" rel=\"noopener\">Nota Orientativa n\u00ba 18\/2019<\/a>.<\/p>\n<\/blockquote>\n<p class=\" \">A dilata\u00e7\u00e3o do prazo atende a solicita\u00e7\u00e3o feita pelas empresas, j\u00e1 que, <strong>no per\u00edodo de transi\u00e7\u00e3o<\/strong>, n\u00e3o haver\u00e1 impacto no vencimento dos recolhimentos devidos.\u00a0 Al\u00e9m do fechamento da folha, os demais eventos peri\u00f3dicos, n\u00e3o peri\u00f3dicos e de tabela que seguem a regra geral de prazo tamb\u00e9m poder\u00e3o ser informados at\u00e9 o dia 15.<\/p>\n<p class=\" \">Embora o prazo de envio de eventos para o eSocial tenha sido ampliado, os prazos legais de recolhimento dos tributos e FGTS n\u00e3o foram alterados. As empresas dever\u00e3o observ\u00e1-los mesmo durante o per\u00edodo de transi\u00e7\u00e3o.<\/p>\n<p class=\" \">Mas aten\u00e7\u00e3o, os <strong>prazos diferenciados<\/strong> definidos no MOS &#8211; Manual de Orienta\u00e7\u00e3o do eSocial permanecem v\u00e1lidos. Por exemplo, o evento de admiss\u00e3o (S-2200 ou S-2190) dever\u00e1 ser informado at\u00e9 o dia anterior ao do in\u00edcio da presta\u00e7\u00e3o dos servi\u00e7os; dever\u00e3o ser observados os prazos dos eventos de afastamentos por doen\u00e7a (S-2230); e o prazo para o envio do desligamento permanece at\u00e9 o d\u00e9cimo dia ap\u00f3s a data da rescis\u00e3o.<\/p>\n<p class=\" \">Ressalte-se que os prazos para os\u00a0<strong>empregadores dom\u00e9sticos<\/strong>\u00a0n\u00e3o mudam, j\u00e1 que a guia de recolhimento (DAE) \u00e9 emitida com vencimento de acordo com os prazos de recolhimento do FGTS, Contribui\u00e7\u00e3o Social e reten\u00e7\u00e3o do Imposto de Renda.<\/p>\n<p><em>(Fonte: Portal do eSocial)<\/em><\/p>\n<\/div>\n","protected":false},"excerpt":{"rendered":"<p>O Comit\u00ea Gestor do eSocial definiu que, durante o per\u00edodo de implanta\u00e7\u00e3o do eSocial, o prazo de envio dos eventos que vencem no dia 07 do m\u00eas seguinte ao da compet\u00eancia informada, incluindo o fechamento de folha (S-1299), passar\u00e1 para o dia 15 de cada m\u00eas. A altera\u00e7\u00e3o j\u00e1 vale para os eventos relativos \u00e0 [&hellip;]<\/p>\n","protected":false},"author":1,"featured_media":36457,"comment_status":"closed","ping_status":"closed","sticky":false,"template":"","format":"standard","meta":{"footnotes":""},"categories":[79],"tags":[],"_links":{"self":[{"href":"https:\/\/www.anamt.org.br\/portal\/wp-json\/wp\/v2\/posts\/37457"}],"collection":[{"href":"https:\/\/www.anamt.org.br\/portal\/wp-json\/wp\/v2\/posts"}],"about":[{"href":"https:\/\/www.anamt.org.br\/portal\/wp-json\/wp\/v2\/types\/post"}],"author":[{"embeddable":true,"href":"https:\/\/www.anamt.org.br\/portal\/wp-json\/wp\/v2\/users\/1"}],"replies":[{"embeddable":true,"href":"https:\/\/www.anamt.org.br\/portal\/wp-json\/wp\/v2\/comments?post=37457"}],"version-history":[{"count":0,"href":"https:\/\/www.anamt.org.br\/portal\/wp-json\/wp\/v2\/posts\/37457\/revisions"}],"wp:featuredmedia":[{"embeddable":true,"href":"https:\/\/www.anamt.org.br\/portal\/wp-json\/wp\/v2\/media\/36457"}],"wp:attachment":[{"href":"https:\/\/www.anamt.org.br\/portal\/wp-json\/wp\/v2\/media?parent=37457"}],"wp:term":[{"taxonomy":"category","embeddable":true,"href":"https:\/\/www.anamt.org.br\/portal\/wp-json\/wp\/v2\/categories?post=37457"},{"taxonomy":"post_tag","embeddable":true,"href":"https:\/\/www.anamt.org.br\/portal\/wp-json\/wp\/v2\/tags?post=37457"}],"curies":[{"name":"wp","href":"https:\/\/api.w.org\/{rel}","templated":true}]}}