{"id":37413,"date":"2019-05-30T18:04:05","date_gmt":"2019-05-30T21:04:05","guid":{"rendered":"https:\/\/www.anamt.org.br\/portal\/?p=37413"},"modified":"2019-05-30T18:08:08","modified_gmt":"2019-05-30T21:08:08","slug":"importante-atualizacao-sobre-as-eleicoes-da-anamt-2","status":"publish","type":"post","link":"https:\/\/www.anamt.org.br\/portal\/2019\/05\/30\/importante-atualizacao-sobre-as-eleicoes-da-anamt-2\/","title":{"rendered":"Elei\u00e7\u00f5es ANAMT: nova comiss\u00e3o eleitoral \u00e9 institu\u00edda pelo conselho deliberativo"},"content":{"rendered":"<p>A ANAMT, ap\u00f3s reuni\u00e3o de seu Conselho Deliberativo, instituiu uma nova comiss\u00e3o eleitoral para reiniciar o tr\u00e2mite das elei\u00e7\u00f5es para a diretoria executiva e conselho fiscal da Associa\u00e7\u00e3o. A a\u00e7\u00e3o \u00e9 um desdobramento da Assembleia-Geral Ordin\u00e1ria, realizada em Bras\u00edlia, no dia 17 de maio. Na ocasi\u00e3o, foi inserido na pauta do dia o debate sobre as elei\u00e7\u00f5es da institui\u00e7\u00e3o. A plen\u00e1ria deliberou pelo cancelamento dos dois editais de convoca\u00e7\u00e3o publicados neste ano e a retomada de novo processo eleitoral.<\/p>\n<p>O conselho deliberou a constitui\u00e7\u00e3o parit\u00e1ria da comiss\u00e3o eleitoral, que \u00e9 formada por seis integrantes: tr\u00eas indicados por cada chapa postulante, de modo a induzir o pleito ao consenso. Assim, os indicados foram o drs. Benones Santos de Carvalho (PA), Flavia Souza e Silva de Almeida (SP), Hudson de Ara\u00fajo Couto (MG), Nadja de Souza Ferreira (RJ), Tatiana Rigotti Bastos (SC) e Valker Vasconcelos de Lacerda (PB).<\/p>\n<p>A comiss\u00e3o agora trabalha na elabora\u00e7\u00e3o de um novo edital de convoca\u00e7\u00e3o para as elei\u00e7\u00f5es, que ser\u00e1 divulgado nos pr\u00f3ximos dias de forma a assegurar a r\u00e1pida retomada das elei\u00e7\u00f5es, com o devido e necess\u00e1rio rigor processual. Em breve, novas informa\u00e7\u00f5es e instru\u00e7\u00f5es sobre o tr\u00e2mite ser\u00e3o divididas com os associados por e-mail e pelo site da ANAMT.<\/p>\n","protected":false},"excerpt":{"rendered":"<p>A ANAMT, ap\u00f3s reuni\u00e3o de seu Conselho Deliberativo, instituiu uma nova comiss\u00e3o eleitoral para reiniciar o tr\u00e2mite das elei\u00e7\u00f5es para a diretoria executiva e conselho fiscal da Associa\u00e7\u00e3o. A a\u00e7\u00e3o \u00e9 um desdobramento da Assembleia-Geral Ordin\u00e1ria, realizada em Bras\u00edlia, no dia 17 de maio. Na ocasi\u00e3o, foi inserido na pauta do dia o debate sobre [&hellip;]<\/p>\n","protected":false},"author":1,"featured_media":36340,"comment_status":"closed","ping_status":"closed","sticky":false,"template":"","format":"standard","meta":{"footnotes":""},"categories":[220],"tags":[],"_links":{"self":[{"href":"https:\/\/www.anamt.org.br\/portal\/wp-json\/wp\/v2\/posts\/37413"}],"collection":[{"href":"https:\/\/www.anamt.org.br\/portal\/wp-json\/wp\/v2\/posts"}],"about":[{"href":"https:\/\/www.anamt.org.br\/portal\/wp-json\/wp\/v2\/types\/post"}],"author":[{"embeddable":true,"href":"https:\/\/www.anamt.org.br\/portal\/wp-json\/wp\/v2\/users\/1"}],"replies":[{"embeddable":true,"href":"https:\/\/www.anamt.org.br\/portal\/wp-json\/wp\/v2\/comments?post=37413"}],"version-history":[{"count":0,"href":"https:\/\/www.anamt.org.br\/portal\/wp-json\/wp\/v2\/posts\/37413\/revisions"}],"wp:featuredmedia":[{"embeddable":true,"href":"https:\/\/www.anamt.org.br\/portal\/wp-json\/wp\/v2\/media\/36340"}],"wp:attachment":[{"href":"https:\/\/www.anamt.org.br\/portal\/wp-json\/wp\/v2\/media?parent=37413"}],"wp:term":[{"taxonomy":"category","embeddable":true,"href":"https:\/\/www.anamt.org.br\/portal\/wp-json\/wp\/v2\/categories?post=37413"},{"taxonomy":"post_tag","embeddable":true,"href":"https:\/\/www.anamt.org.br\/portal\/wp-json\/wp\/v2\/tags?post=37413"}],"curies":[{"name":"wp","href":"https:\/\/api.w.org\/{rel}","templated":true}]}}