{"id":37396,"date":"2019-05-30T14:06:31","date_gmt":"2019-05-30T17:06:31","guid":{"rendered":"https:\/\/www.anamt.org.br\/portal\/?p=37396"},"modified":"2019-05-30T14:14:36","modified_gmt":"2019-05-30T17:14:36","slug":"baixar-impostos-sobre-cigarro-aumenta-chance-de-cancer-de-pulmao","status":"publish","type":"post","link":"https:\/\/www.anamt.org.br\/portal\/2019\/05\/30\/baixar-impostos-sobre-cigarro-aumenta-chance-de-cancer-de-pulmao\/","title":{"rendered":"Baixar impostos sobre cigarro aumenta chance de c\u00e2ncer de pulm\u00e3o"},"content":{"rendered":"<p>O ministro da Justi\u00e7a e Seguran\u00e7a P\u00fablica, S\u00e9rgio Moro, criou um grupo de trabalho com o intuito de avaliar a viabilidade da redu\u00e7\u00e3o de impostos sobre a ind\u00fastria tabagista. A medida visa a desincentivar o contrabando, assim, os pre\u00e7os do cigarro nacional cairiam. A iniciativa recebeu uma avalia\u00e7\u00e3o negativa de especialistas da sa\u00fade. Eles criticam a falta de membros da categoria no GT e, majoritariamente, afirmam que n\u00e3o haveria nenhum impacto positivo sobre a sa\u00fade p\u00fablica. O impacto, na verdade, seria negativo, diz a professora da Faculdade de Sa\u00fade P\u00fablica (FSP) da USP Suely Aparecida Kfouri Sakaguti.<\/p>\n<p>O carcinog\u00eanico, elemento causador do c\u00e2ncer, n\u00e3o tem rela\u00e7\u00e3o com a qualidade do cigarro. A professora explica que essa abordagem n\u00e3o passa de uma estrat\u00e9gia das empresas do ramo para se realizarem em um mercado que est\u00e1 em queda. Quase sempre na contram\u00e3o da sa\u00fade. Cita, ainda, o m\u00e9dico Drauzio Varella: \u201cExiste cigarro de boa qualidade? Existe c\u00e2ncer de pulm\u00e3o de boa qualidade e m\u00e1 qualidade? A ind\u00fastria tabaqueira sempre usa esse subterf\u00fagio. E o que eles querem \u00e9 que o cigarro custe menos\u201d. Suely diz que \u00e9 uma estrat\u00e9gia comum, e relembra de um evento sobre o combate aos malef\u00edcios do tabagismo, com a participa\u00e7\u00e3o da Philip Morris, em que se fazia publicidade do cigarro eletr\u00f4nico.<\/p>\n<p>Os maiores consumidores de cigarro entre a popula\u00e7\u00e3o brasileira s\u00e3o os mais pobres e os mais jovens. O desest\u00edmulo financeiro, isto \u00e9, aumento dos pre\u00e7os por via dos impostos, \u00e9 a medida mais efetiva, defende a professora. Em vez de baixar a taxa\u00e7\u00e3o do tabaco, uma medida j\u00e1 consolidada e elogiada globalmente, o governo deveria aumentar impostos sobre outras drogas, como o \u00e1lcool, argumenta a especialista da sa\u00fade.<\/p>\n<p>Ou\u00e7a a mat\u00e9ria completa do <em>Jornal da USP<\/em>.<\/p>\n<!--[if lt IE 9]><script>document.createElement('audio');<\/script><![endif]-->\n<audio class=\"wp-audio-shortcode\" id=\"audio-37396-1\" preload=\"none\" style=\"width: 100%;\" controls=\"controls\"><source type=\"audio\/mpeg\" src=\"https:\/\/jornal.usp.br\/wp-content\/uploads\/2019\/05\/GRUPO-DE-ESTUDOS-TABAGISMO-Pedro-Teixeira.mp3?_=1\" \/><a href=\"https:\/\/jornal.usp.br\/wp-content\/uploads\/2019\/05\/GRUPO-DE-ESTUDOS-TABAGISMO-Pedro-Teixeira.mp3\">https:\/\/jornal.usp.br\/wp-content\/uploads\/2019\/05\/GRUPO-DE-ESTUDOS-TABAGISMO-Pedro-Teixeira.mp3<\/a><\/audio>\n<p><em>(Fonte: Jornal da USP)<\/em><\/p>\n","protected":false},"excerpt":{"rendered":"<p>O ministro da Justi\u00e7a e Seguran\u00e7a P\u00fablica, S\u00e9rgio Moro, criou um grupo de trabalho com o intuito de avaliar a viabilidade da redu\u00e7\u00e3o de impostos sobre a ind\u00fastria tabagista. A medida visa a desincentivar o contrabando, assim, os pre\u00e7os do cigarro nacional cairiam. A iniciativa recebeu uma avalia\u00e7\u00e3o negativa de especialistas da sa\u00fade. Eles criticam [&hellip;]<\/p>\n","protected":false},"author":1,"featured_media":37397,"comment_status":"closed","ping_status":"closed","sticky":false,"template":"","format":"standard","meta":{"footnotes":""},"categories":[79],"tags":[],"_links":{"self":[{"href":"https:\/\/www.anamt.org.br\/portal\/wp-json\/wp\/v2\/posts\/37396"}],"collection":[{"href":"https:\/\/www.anamt.org.br\/portal\/wp-json\/wp\/v2\/posts"}],"about":[{"href":"https:\/\/www.anamt.org.br\/portal\/wp-json\/wp\/v2\/types\/post"}],"author":[{"embeddable":true,"href":"https:\/\/www.anamt.org.br\/portal\/wp-json\/wp\/v2\/users\/1"}],"replies":[{"embeddable":true,"href":"https:\/\/www.anamt.org.br\/portal\/wp-json\/wp\/v2\/comments?post=37396"}],"version-history":[{"count":0,"href":"https:\/\/www.anamt.org.br\/portal\/wp-json\/wp\/v2\/posts\/37396\/revisions"}],"wp:featuredmedia":[{"embeddable":true,"href":"https:\/\/www.anamt.org.br\/portal\/wp-json\/wp\/v2\/media\/37397"}],"wp:attachment":[{"href":"https:\/\/www.anamt.org.br\/portal\/wp-json\/wp\/v2\/media?parent=37396"}],"wp:term":[{"taxonomy":"category","embeddable":true,"href":"https:\/\/www.anamt.org.br\/portal\/wp-json\/wp\/v2\/categories?post=37396"},{"taxonomy":"post_tag","embeddable":true,"href":"https:\/\/www.anamt.org.br\/portal\/wp-json\/wp\/v2\/tags?post=37396"}],"curies":[{"name":"wp","href":"https:\/\/api.w.org\/{rel}","templated":true}]}}