{"id":37381,"date":"2019-05-29T19:24:07","date_gmt":"2019-05-29T22:24:07","guid":{"rendered":"https:\/\/www.anamt.org.br\/portal\/?p=37381"},"modified":"2019-05-30T11:31:47","modified_gmt":"2019-05-30T14:31:47","slug":"stf-proibe-trabalho-de-gravidas-e-lactantes-em-local-insalubre","status":"publish","type":"post","link":"https:\/\/www.anamt.org.br\/portal\/2019\/05\/29\/stf-proibe-trabalho-de-gravidas-e-lactantes-em-local-insalubre\/","title":{"rendered":"STF pro\u00edbe trabalho de gr\u00e1vidas e lactantes em local insalubre"},"content":{"rendered":"<p>O plen\u00e1rio do Supremo Tribunal Federal derrubou, por 10 votos a 1, um trecho da reforma trabalhista de 2017 que permite que mulheres gr\u00e1vidas e lactantes trabalhem em atividades insalubres em algumas situa\u00e7\u00f5es. Na pr\u00e1tica, o STF proibiu que essas mulheres trabalhem em locais insalubres em qualquer circunst\u00e2ncia.<\/p>\n<p>A corte julgou nesta quarta (29) uma ADI (a\u00e7\u00e3o direta de inconstitucionalidade) ajuizada pela CNTM (Confedera\u00e7\u00e3o Nacional dos Trabalhadores Metal\u00fargicos) contra trecho da reforma trabalhista que diz que, para a gestante ser afastada de atividades de insalubridade m\u00e9dia ou m\u00ednima, \u00e9 preciso \u201capresentar atestado de sa\u00fade emitido por m\u00e9dico de confian\u00e7a da mulher, que recomende o afastamento\u201d.<\/p>\n<p>Esse foi o primeiro ponto da reforma trabalhista derrubado pelo Supremo. Outro aspecto j\u00e1 analisado pelo plen\u00e1rio foi o fim da contribui\u00e7\u00e3o sindical obrigat\u00f3ria, que foi mantido por 6 votos a 3 em junho do ano passado.<\/p>\n<p>Desde a aprova\u00e7\u00e3o da reforma, a ANAMT j\u00e1 havia se posicionado de forma contr\u00e1ria ao trabalho de gr\u00e1vidas e lactantes em ambientes insalubres. Al\u00e9m de posicionar-se oficialmente, a Associa\u00e7\u00e3o participou, ao lado do Minist\u00e9rio P\u00fablico do Trabalho e outras entidades, da campanha\u00a0<a href=\"https:\/\/www.anamt.org.br\/portal\/2018\/05\/11\/apoio-toda-gravida-tem-esse-desejo\/\">\u201cApoio. Toda gr\u00e1vida tem esse desejo\u201d<\/a>.<\/p>\n<p>O <a href=\"http:\/\/www.cnmp.mp.br\/portal\/todas-as-noticias\/11212-campanha-de-apoio-a-gestantes-e-lancada-por-cnmp-mpt-e-mp-ms\">objetivo da campanha<\/a> foi divulgar os direitos j\u00e1 existentes e estimular outras iniciativas que favore\u00e7am a maternidade no ambiente de trabalho sob a perspectiva de direitos humanos.\u00a0A a\u00e7\u00e3o tamb\u00e9m prop\u00f4s o monitoramento dos riscos ocupacionais oriundos da Reforma Trabalhista, que permitia o trabalho destas mulheres em ambientes insalubres.<\/p>\n","protected":false},"excerpt":{"rendered":"<p>O plen\u00e1rio do Supremo Tribunal Federal derrubou, por 10 votos a 1, um trecho da reforma trabalhista de 2017 que permite que mulheres gr\u00e1vidas e lactantes trabalhem em atividades insalubres em algumas situa\u00e7\u00f5es. Na pr\u00e1tica, o STF proibiu que essas mulheres trabalhem em locais insalubres em qualquer circunst\u00e2ncia. A corte julgou nesta quarta (29) uma [&hellip;]<\/p>\n","protected":false},"author":1,"featured_media":31100,"comment_status":"closed","ping_status":"closed","sticky":false,"template":"","format":"standard","meta":{"footnotes":""},"categories":[79],"tags":[],"_links":{"self":[{"href":"https:\/\/www.anamt.org.br\/portal\/wp-json\/wp\/v2\/posts\/37381"}],"collection":[{"href":"https:\/\/www.anamt.org.br\/portal\/wp-json\/wp\/v2\/posts"}],"about":[{"href":"https:\/\/www.anamt.org.br\/portal\/wp-json\/wp\/v2\/types\/post"}],"author":[{"embeddable":true,"href":"https:\/\/www.anamt.org.br\/portal\/wp-json\/wp\/v2\/users\/1"}],"replies":[{"embeddable":true,"href":"https:\/\/www.anamt.org.br\/portal\/wp-json\/wp\/v2\/comments?post=37381"}],"version-history":[{"count":0,"href":"https:\/\/www.anamt.org.br\/portal\/wp-json\/wp\/v2\/posts\/37381\/revisions"}],"wp:featuredmedia":[{"embeddable":true,"href":"https:\/\/www.anamt.org.br\/portal\/wp-json\/wp\/v2\/media\/31100"}],"wp:attachment":[{"href":"https:\/\/www.anamt.org.br\/portal\/wp-json\/wp\/v2\/media?parent=37381"}],"wp:term":[{"taxonomy":"category","embeddable":true,"href":"https:\/\/www.anamt.org.br\/portal\/wp-json\/wp\/v2\/categories?post=37381"},{"taxonomy":"post_tag","embeddable":true,"href":"https:\/\/www.anamt.org.br\/portal\/wp-json\/wp\/v2\/tags?post=37381"}],"curies":[{"name":"wp","href":"https:\/\/api.w.org\/{rel}","templated":true}]}}