{"id":37320,"date":"2019-05-23T10:40:15","date_gmt":"2019-05-23T13:40:15","guid":{"rendered":"https:\/\/www.anamt.org.br\/portal\/?p=37320"},"modified":"2019-05-23T10:48:06","modified_gmt":"2019-05-23T13:48:06","slug":"importante-atualizacao-sobre-as-eleicoes-da-anamt","status":"publish","type":"post","link":"https:\/\/www.anamt.org.br\/portal\/2019\/05\/23\/importante-atualizacao-sobre-as-eleicoes-da-anamt\/","title":{"rendered":"Importante: atualiza\u00e7\u00e3o para os associados sobre as elei\u00e7\u00f5es da ANAMT"},"content":{"rendered":"<p dir=\"ltr\">Prezado associado,<\/p>\n<p dir=\"ltr\">Caso voc\u00ea tenha recebido uma c\u00e9dula para votar nas elei\u00e7\u00f5es para a diretoria executiva da ANAMT, pedimos que voc\u00ea a desconsidere.<\/p>\n<p dir=\"ltr\">A Associa\u00e7\u00e3o realizou, no dia 17 de maio, sua Assembleia-Geral Ordin\u00e1ria, realizada em Bras\u00edlia (DF), durante o 17\u00ba Congresso Nacional. Na ocasi\u00e3o, por decis\u00e3o judicial, foi inserido na pauta do dia o debate sobre as elei\u00e7\u00f5es da institui\u00e7\u00e3o. A plen\u00e1ria deliberou pelo cancelamento dos dois editais de convoca\u00e7\u00e3o publicados neste ano.<\/p>\n<p dir=\"ltr\">Desta forma, a presidente da ANAMT, Marcia Bandini, convocar\u00e1 o Conselho Deliberativo para constituir uma nova Comiss\u00e3o Eleitoral, que ser\u00e1 respons\u00e1vel por elaborar e publicar um novo edital de convoca\u00e7\u00e3o para as elei\u00e7\u00f5es. Isso tornar\u00e1 poss\u00edvel novas inscri\u00e7\u00f5es de postulantes aos cargos.<\/p>\n<p dir=\"ltr\">Em breve, novas informa\u00e7\u00f5es e instru\u00e7\u00f5es sobre o processo eleitoral ser\u00e3o divididas com os associados por e-mail e pelo site da ANAMT. Para mais informa\u00e7\u00f5es, entre em contato com a Secretaria da Associa\u00e7\u00e3o pelo telefone (11) 3251-0849.<\/p>\n<p dir=\"ltr\">Contamos com a sua compreens\u00e3o.<\/p>\n<h3 dir=\"ltr\">Leia mais<\/h3>\n<p class=\"entry-title fusion-post-title\"><a href=\"https:\/\/www.anamt.org.br\/portal\/2019\/05\/18\/assembleia-geral-da-anamt-cancela-editais-eleitorais-publicados\/\">Assembleia-Geral da ANAMT cancela editais eleitorais publicados<\/a><\/p>\n<p>&nbsp;<\/p>\n","protected":false},"excerpt":{"rendered":"<p>Prezado associado, Caso voc\u00ea tenha recebido uma c\u00e9dula para votar nas elei\u00e7\u00f5es para a diretoria executiva da ANAMT, pedimos que voc\u00ea a desconsidere. A Associa\u00e7\u00e3o realizou, no dia 17 de maio, sua Assembleia-Geral Ordin\u00e1ria, realizada em Bras\u00edlia (DF), durante o 17\u00ba Congresso Nacional. Na ocasi\u00e3o, por decis\u00e3o judicial, foi inserido na pauta do dia o [&hellip;]<\/p>\n","protected":false},"author":1,"featured_media":36340,"comment_status":"closed","ping_status":"closed","sticky":false,"template":"","format":"standard","meta":{"footnotes":""},"categories":[220],"tags":[],"_links":{"self":[{"href":"https:\/\/www.anamt.org.br\/portal\/wp-json\/wp\/v2\/posts\/37320"}],"collection":[{"href":"https:\/\/www.anamt.org.br\/portal\/wp-json\/wp\/v2\/posts"}],"about":[{"href":"https:\/\/www.anamt.org.br\/portal\/wp-json\/wp\/v2\/types\/post"}],"author":[{"embeddable":true,"href":"https:\/\/www.anamt.org.br\/portal\/wp-json\/wp\/v2\/users\/1"}],"replies":[{"embeddable":true,"href":"https:\/\/www.anamt.org.br\/portal\/wp-json\/wp\/v2\/comments?post=37320"}],"version-history":[{"count":0,"href":"https:\/\/www.anamt.org.br\/portal\/wp-json\/wp\/v2\/posts\/37320\/revisions"}],"wp:featuredmedia":[{"embeddable":true,"href":"https:\/\/www.anamt.org.br\/portal\/wp-json\/wp\/v2\/media\/36340"}],"wp:attachment":[{"href":"https:\/\/www.anamt.org.br\/portal\/wp-json\/wp\/v2\/media?parent=37320"}],"wp:term":[{"taxonomy":"category","embeddable":true,"href":"https:\/\/www.anamt.org.br\/portal\/wp-json\/wp\/v2\/categories?post=37320"},{"taxonomy":"post_tag","embeddable":true,"href":"https:\/\/www.anamt.org.br\/portal\/wp-json\/wp\/v2\/tags?post=37320"}],"curies":[{"name":"wp","href":"https:\/\/api.w.org\/{rel}","templated":true}]}}