{"id":37300,"date":"2019-05-21T16:38:13","date_gmt":"2019-05-21T19:38:13","guid":{"rendered":"https:\/\/www.anamt.org.br\/portal\/?p=37300"},"modified":"2019-05-21T16:38:13","modified_gmt":"2019-05-21T19:38:13","slug":"apamt-workshop-gestao-de-riscos-em-saude-e-seguranca-do-trabalho-para-o-esocial","status":"publish","type":"post","link":"https:\/\/www.anamt.org.br\/portal\/2019\/05\/21\/apamt-workshop-gestao-de-riscos-em-saude-e-seguranca-do-trabalho-para-o-esocial\/","title":{"rendered":"APAMT &#8211; Workshop Gest\u00e3o de Riscos em Sa\u00fade e Seguran\u00e7a do Trabalho para o eSocial"},"content":{"rendered":"<p>A Associa\u00e7\u00e3o Paranaense de Medicina do Trabalho (APAMT) realizar\u00e1 nos dias 14 e 15 de junho o Workshop Gest\u00e3o de Riscos em Sa\u00fade e Seguran\u00e7a do Trabalho para o eSocial.<\/p>\n<p>As inscri\u00e7\u00f5es est\u00e3o dispon\u00edveis no <a href=\"https:\/\/apamt.org.br\/eventos_cad.php?cod=100\" target=\"_blank\" rel=\"noopener\">site da Associa\u00e7\u00e3o<\/a>. Mais informa\u00e7\u00f5es sobre a programa\u00e7\u00e3o, abaixo:<\/p>\n<p>Programa\u00e7\u00e3o:<\/p>\n<p><strong>14\/06<\/strong> (Sexta-feira)<\/p>\n<p>19h \u2013 Auto Avalia\u00e7\u00e3o do eSocial<\/p>\n<p>19h30 \u2013 evento S-1060: Tabela de Ambientes do Trabalho<\/p>\n<p>20h45 \u2013 Intervalo<\/p>\n<p>21h \u2013 Cases dos pontos mais relevantes sobre o evento S-1060<\/p>\n<p>22h15 \u2013 Encerramento<\/p>\n<p><strong>15\/06<\/strong><\/p>\n<p>8h30 \u2013 eventos S-2240: Fatores de risco, Insalubridade, Periculosidade e Aposentadoria Especial, e S-2245: Treinamentos, Capacita\u00e7\u00f5es, Exerc\u00edcios Simulados e Outras Anota\u00e7\u00f5es.<\/p>\n<p>10h30 \u2013 Intervalo<\/p>\n<p>10h45 &#8211; Cases dos pontos mais relevantes sobre o evento S-2240 e S-2245<\/p>\n<p>12h \u2013 Almo\u00e7o<\/p>\n<p>13h30 \u2013 eventos S-2220: Monitoramento Sa\u00fade do Trabalhador, e S-2230: Afastamento tempor\u00e1rio (por motivo de sa\u00fade\/atestado m\u00e9dico)<\/p>\n<p>15h30 \u2013 Intervalo<\/p>\n<p>15h45 &#8211; Cases dos pontos mais relevantes sobre o evento S-2220 e S-2230<\/p>\n<p>17h \u2013 Encerramento<\/p>\n<p>Palestrantes:<\/p>\n<p>Eider Nunes Moreira (CRM-SC 7.321)<\/p>\n<p>M\u00e9dico do Trabalho (RQE 118), graduado em medicina pela Universidade Federal de Pelotas (UFPel\/RS); Mestre em Gest\u00e3o Integrada em Sa\u00fade do Trabalho e Meio Ambiente (Senac-SP); Especialista em Medicina do Trabalho pela ANAMT\/AMB; Perito Trabalhista e Judicial (CUSC-SP); Ex-M\u00e9dico perito do INSS; Professor Universit\u00e1rio (Unoesc-SC; PUC-PR); Atuou como Gestor Corporativo de Sa\u00fade na Votorantim Cimentos, BRF-Brasil Foods, Seara Alimentos Ltda, JBS Foods, Celulose Irani S\/A. CEO &#8211; Chief Executive Officer e Consultor T\u00e9cnico da empresa Quatro Lentes \u2013 Gest\u00e3o de Riscos Ocupacionais.<\/p>\n<p>Luis Fernando Tomm (CREA-SC 041375-6)<\/p>\n<p>Engenheiro Qu\u00edmico, graduado pela Pontif\u00edcia Universidade Cat\u00f3lica do Rio Grande do Sul (PUC\/RS); p\u00f3s-graduado em Engenharia de Seguran\u00e7a no Trabalho (UnC\/SC); Professor Universit\u00e1rio (FAI\/SC); Atuou como Gestor Corporativo de Seguran\u00e7a e Sa\u00fade na Seara Alimentos Ltda. CFO &#8211; Chief Financial Officer e Consultor T\u00e9cnico da empresa Quatro Lentes \u2013 Gest\u00e3o de Riscos Ocupacionais.<\/p>\n<p><img decoding=\"async\" class=\"aligncenter size-full wp-image-37301\" src=\"https:\/\/www.anamt.org.br\/portal\/wp-content\/uploads\/2019\/05\/card-facebook.jpg\" alt=\"\" width=\"600\" height=\"800\" srcset=\"https:\/\/www.anamt.org.br\/portal\/wp-content\/uploads\/2019\/05\/card-facebook-200x267.jpg 200w, https:\/\/www.anamt.org.br\/portal\/wp-content\/uploads\/2019\/05\/card-facebook-225x300.jpg 225w, https:\/\/www.anamt.org.br\/portal\/wp-content\/uploads\/2019\/05\/card-facebook-400x533.jpg 400w, https:\/\/www.anamt.org.br\/portal\/wp-content\/uploads\/2019\/05\/card-facebook.jpg 600w\" sizes=\"(max-width: 600px) 100vw, 600px\" \/><\/p>\n","protected":false},"excerpt":{"rendered":"<p>A Associa\u00e7\u00e3o Paranaense de Medicina do Trabalho (APAMT) realizar\u00e1 nos dias 14 e 15 de junho o Workshop Gest\u00e3o de Riscos em Sa\u00fade e Seguran\u00e7a do Trabalho para o eSocial. As inscri\u00e7\u00f5es est\u00e3o dispon\u00edveis no site da Associa\u00e7\u00e3o. Mais informa\u00e7\u00f5es sobre a programa\u00e7\u00e3o, abaixo: Programa\u00e7\u00e3o: 14\/06 (Sexta-feira) 19h \u2013 Auto Avalia\u00e7\u00e3o do eSocial 19h30 \u2013 [&hellip;]<\/p>\n","protected":false},"author":1,"featured_media":0,"comment_status":"closed","ping_status":"closed","sticky":false,"template":"","format":"standard","meta":{"footnotes":""},"categories":[190],"tags":[],"_links":{"self":[{"href":"https:\/\/www.anamt.org.br\/portal\/wp-json\/wp\/v2\/posts\/37300"}],"collection":[{"href":"https:\/\/www.anamt.org.br\/portal\/wp-json\/wp\/v2\/posts"}],"about":[{"href":"https:\/\/www.anamt.org.br\/portal\/wp-json\/wp\/v2\/types\/post"}],"author":[{"embeddable":true,"href":"https:\/\/www.anamt.org.br\/portal\/wp-json\/wp\/v2\/users\/1"}],"replies":[{"embeddable":true,"href":"https:\/\/www.anamt.org.br\/portal\/wp-json\/wp\/v2\/comments?post=37300"}],"version-history":[{"count":0,"href":"https:\/\/www.anamt.org.br\/portal\/wp-json\/wp\/v2\/posts\/37300\/revisions"}],"wp:attachment":[{"href":"https:\/\/www.anamt.org.br\/portal\/wp-json\/wp\/v2\/media?parent=37300"}],"wp:term":[{"taxonomy":"category","embeddable":true,"href":"https:\/\/www.anamt.org.br\/portal\/wp-json\/wp\/v2\/categories?post=37300"},{"taxonomy":"post_tag","embeddable":true,"href":"https:\/\/www.anamt.org.br\/portal\/wp-json\/wp\/v2\/tags?post=37300"}],"curies":[{"name":"wp","href":"https:\/\/api.w.org\/{rel}","templated":true}]}}